{"id":428,"date":"2011-04-19T16:28:00","date_gmt":"2011-04-19T14:28:00","guid":{"rendered":"https:\/\/diocesi.concordia-pordenone.it\/caritas\/servizio-civile-solidale-scadenza-13-maggio\/"},"modified":"2011-04-19T16:28:00","modified_gmt":"2011-04-19T14:28:00","slug":"servizio-civile-solidale-scadenza-13-maggio","status":"publish","type":"post","link":"https:\/\/diocesi.concordia-pordenone.it\/caritas\/servizio-civile-solidale-scadenza-13-maggio\/","title":{"rendered":"Servizio Civile Solidale &#8211; SCADENZA 13 MAGGIO"},"content":{"rendered":"<div>\n<div style=\"text-align: left\"><b>\u00c8 IN SCADENZA IL BANDO PER IL SERVIZIO CIVILE SOLIDALE 2011<\/b><\/div>\n<div style=\"text-align: left\"><b><i>Per ragazzi e ragazze, anche stranieri, tra i 16 e i 18 anni<\/i><\/b><\/div>\n<div style=\"text-align: left\"><b><i>Le domande entro le ore 14.00 di\u00a0venerd\u00ec 13 maggio<\/i><\/b><\/div>\n<div style=\"text-align: left\">\u00a0<\/div>\n<div style=\"text-align: left\">\u00c8 in scadenza il bando del Servizio Civile Solidale Regionale: per aderire bisogna consegnare la domanda presso la sede della Caritas diocesana entro\u00a0le ore 14.00 del\u00a013 maggio oppure inviarla per posta entro la stessa data in formato cartaceo. La domanda (in allegato al bando) \u00e8 scaricabile dal sito www.fvgsolidale.regione.fvg.it.\u00a0Nel bando sono anche specificati tutti i documenti da allegare alla domanda.<\/div>\n<div>Il\u00a0Servizio Civile Solidale \u00e8 \u201cun periodo organizzato di sostanziale impegno sociale a favore della comunit\u00e0 locale o nazionale, dietro ricevimento di un rimborso spese\u201d. Possono accedervi <strong>sia ragazze che ragazzi, non solo italiani ma anche stranieri, dai 16 anni compiuti ai 18 anni non compiuti, residenti in Friuli Venezia Giulia<\/strong>.<\/div>\n<div>L&#8217;impegno previsto pu\u00f2 essere o di <strong>240 ore\u00a0<\/strong>da svolgersi durante i mesi estivi, o di <strong>360 ore <\/strong>da svolgersi durante tutto l&#8217;anno.<\/div>\n<div>Il riconoscimento economico \u00e8 di 892,38 euro per un impegno di 360 ore, 594,92\u00a0euro per un impegno di 240 ore.<\/div>\n<div>Il Servizio Civile Solidale\u00a0\u00e8 per i giovani un&#8217;occasione di formazione civica, sociale, culturale e professionale,\u00a0un&#8217;esperienza qualificante da aggiungere al proprio bagaglio di conoscenze, spendibile anche nel corso della vita lavorativa. \u00c8 anche una\u00a0risorsa\u00a0per la comunit\u00e0 regionale, che soddisfa i bisogni della comunit\u00e0 stessa in ordine a problematiche sociali, culturali, ambientali, di protezione civile e di tipo educativo.<\/div>\n<div>\u00a0<\/div>\n<div>L&#8217;obiettivo principale del progetto che verr\u00e0 svolto presso la Caritas diocesana \u00e8 l&#8217;animazione della comunit\u00e0 al tema del volontariato e della cittadinanza attiva. Tra i diversi compiti, i volontari avranno l\u2019incarico di conoscere ed approfondire il tema della povert\u00e0, realizzare settimanalmente una rassegna stampa che raccolga tutti gli articoli sul tema della povert\u00e0 e del volontariato, e implementare un profilo sul social network Facebook.<\/div>\n<div>Per trovare informazioni specifiche, fare riferimento al sito regionale www.fvgsolidale.regione.fvg.it.<\/div>\n<div>Per avere informazioni sul progetto a Pordenone chiamare il numero 0434 221222: i referenti sono Andrea Barachino e Davide Frusteri.\u00a0\u00a0<\/div>\n<\/div>\n<hr class=\"wpba_attachment_hr\">","protected":false},"excerpt":{"rendered":"<p>\u00c8 in scadenza il bando per il Servizio Civile Solidale Regionale 2011, rivolto a ragazzi e ragazze, italiani e stranieri, dai 16 ai 18 anni. Per aderire bisogna fa pervenire la domanda presso la sede della Caritas diocesana entro le ore 14.00 del 13 maggio. Per saperne di pi\u00f9, clicca sull&#8217;immagine<\/p>\n","protected":false},"author":0,"featured_media":429,"comment_status":"closed","ping_status":"closed","sticky":false,"template":"","format":"standard","meta":{"_acf_changed":false,"footnotes":""},"categories":[5],"tags":[],"class_list":["post-428","post","type-post","status-publish","format-standard","has-post-thumbnail","hentry","category-altre-news"],"acf":{"seed-localization-paese-cod":"","seed-localization-address":"","seed-localization-citta":"","seed-localization-regione-cod-istat":"","seed-localization-citta-cod-istat":"","seed-localization-localita":"","seed-localization-cap":"","seed-localization-geo":{"lat":41.90552298770031,"lng":12.509441971778871,"zoom":10,"markers":[],"address":"","layers":["OpenStreetMap.Mapnik"]},"seed-localization-marker-visibility":false,"seed-localization-children-visibility":false,"seed-localization-kml":null,"seed-localization-custom-marker":null},"_links":{"self":[{"href":"https:\/\/diocesi.concordia-pordenone.it\/caritas\/wp-json\/wp\/v2\/posts\/428","targetHints":{"allow":["GET"]}}],"collection":[{"href":"https:\/\/diocesi.concordia-pordenone.it\/caritas\/wp-json\/wp\/v2\/posts"}],"about":[{"href":"https:\/\/diocesi.concordia-pordenone.it\/caritas\/wp-json\/wp\/v2\/types\/post"}],"author":[{"embeddable":true,"href":"https:\/\/diocesi.concordia-pordenone.it\/caritas\/wp-json\/wp\/v2\/users\/1"}],"replies":[{"embeddable":true,"href":"https:\/\/diocesi.concordia-pordenone.it\/caritas\/wp-json\/wp\/v2\/comments?post=428"}],"version-history":[{"count":0,"href":"https:\/\/diocesi.concordia-pordenone.it\/caritas\/wp-json\/wp\/v2\/posts\/428\/revisions"}],"wp:featuredmedia":[{"embeddable":true,"href":"https:\/\/diocesi.concordia-pordenone.it\/caritas\/wp-json\/wp\/v2\/media\/429"}],"wp:attachment":[{"href":"https:\/\/diocesi.concordia-pordenone.it\/caritas\/wp-json\/wp\/v2\/media?parent=428"}],"wp:term":[{"taxonomy":"category","embeddable":true,"href":"https:\/\/diocesi.concordia-pordenone.it\/caritas\/wp-json\/wp\/v2\/categories?post=428"},{"taxonomy":"post_tag","embeddable":true,"href":"https:\/\/diocesi.concordia-pordenone.it\/caritas\/wp-json\/wp\/v2\/tags?post=428"}],"curies":[{"name":"wp","href":"https:\/\/api.w.org\/{rel}","templated":true}]}}