{"id":450,"date":"2011-06-13T11:20:00","date_gmt":"2011-06-13T09:20:00","guid":{"rendered":"https:\/\/diocesi.concordia-pordenone.it\/caritas\/orario-estivo-del-centro-di-ascolto-2\/"},"modified":"2011-06-13T11:20:00","modified_gmt":"2011-06-13T09:20:00","slug":"orario-estivo-del-centro-di-ascolto-2","status":"publish","type":"post","link":"https:\/\/diocesi.concordia-pordenone.it\/caritas\/orario-estivo-del-centro-di-ascolto-2\/","title":{"rendered":"Orario estivo del Centro di Ascolto"},"content":{"rendered":"<div><strong>Dal 13 giugno al 2 settembre <\/strong>il Centro di Ascolto diocesano osserver\u00e0 il seguente orario ridotto:<\/div>\n<div>\u00a0<\/div>\n<div><strong>luned\u00ec ore 9.00-12.00<\/strong><\/div>\n<div>\u00a0<\/div>\n<div><strong>mercoled\u00ec ore 15.00-18.00<\/strong><\/div>\n<div>\u00a0<\/div>\n<div><strong>venerd\u00ec ore 9.00-12.00<\/strong><\/div>\n<div>\u00a0<\/div>\n<div>\u00a0<\/div>\n<div>\u00a0<\/div>\n<div>\n<div style=\"text-align: left\"><b>CENTRO DI ASCOLTO CARITAS DIOCESANA<\/b><\/div>\n<div style=\"text-align: left\">Ascolto, orientamento, accompagnamento di persone in difficolt\u00e0<\/div>\n<div style=\"text-align: left\">\u00a0<\/div>\n<div style=\"text-align: left\">Via Martiri Concordiesi 2 \u2013 Pordenone<\/div>\n<div style=\"text-align: left\">tel. 0434 221280 \u2013 fax 0434 221288<\/div>\n<div style=\"text-align: left\">\u00a0<\/div>\n<div style=\"text-align: left\">centrodiascolto(@)diocesiconcordiapordenone.it<\/div>\n<\/div>\n<hr class=\"wpba_attachment_hr\">","protected":false},"excerpt":{"rendered":"<p>Dal 13 giugno al 2 settembre il Centro di Ascolto diocesano osserver\u00e0 il seguente orario ridotto: luned\u00ec ore 9.00-12.00, mercoled\u00ec ore 15.00-18.00, venerd\u00ec ore 9.00-12.00. Per informazioni: tel. 0434 221280<\/p>\n","protected":false},"author":0,"featured_media":451,"comment_status":"closed","ping_status":"closed","sticky":false,"template":"","format":"standard","meta":{"_acf_changed":false,"footnotes":""},"categories":[5],"tags":[],"class_list":["post-450","post","type-post","status-publish","format-standard","has-post-thumbnail","hentry","category-altre-news"],"acf":{"seed-localization-paese-cod":"","seed-localization-address":"","seed-localization-citta":"","seed-localization-regione-cod-istat":"","seed-localization-citta-cod-istat":"","seed-localization-localita":"","seed-localization-cap":"","seed-localization-geo":{"lat":41.90552298770031,"lng":12.509441971778871,"zoom":10,"markers":[],"address":"","layers":["OpenStreetMap.Mapnik"]},"seed-localization-marker-visibility":false,"seed-localization-children-visibility":false,"seed-localization-kml":null,"seed-localization-custom-marker":null},"_links":{"self":[{"href":"https:\/\/diocesi.concordia-pordenone.it\/caritas\/wp-json\/wp\/v2\/posts\/450","targetHints":{"allow":["GET"]}}],"collection":[{"href":"https:\/\/diocesi.concordia-pordenone.it\/caritas\/wp-json\/wp\/v2\/posts"}],"about":[{"href":"https:\/\/diocesi.concordia-pordenone.it\/caritas\/wp-json\/wp\/v2\/types\/post"}],"author":[{"embeddable":true,"href":"https:\/\/diocesi.concordia-pordenone.it\/caritas\/wp-json\/wp\/v2\/users\/1"}],"replies":[{"embeddable":true,"href":"https:\/\/diocesi.concordia-pordenone.it\/caritas\/wp-json\/wp\/v2\/comments?post=450"}],"version-history":[{"count":0,"href":"https:\/\/diocesi.concordia-pordenone.it\/caritas\/wp-json\/wp\/v2\/posts\/450\/revisions"}],"wp:featuredmedia":[{"embeddable":true,"href":"https:\/\/diocesi.concordia-pordenone.it\/caritas\/wp-json\/wp\/v2\/media\/451"}],"wp:attachment":[{"href":"https:\/\/diocesi.concordia-pordenone.it\/caritas\/wp-json\/wp\/v2\/media?parent=450"}],"wp:term":[{"taxonomy":"category","embeddable":true,"href":"https:\/\/diocesi.concordia-pordenone.it\/caritas\/wp-json\/wp\/v2\/categories?post=450"},{"taxonomy":"post_tag","embeddable":true,"href":"https:\/\/diocesi.concordia-pordenone.it\/caritas\/wp-json\/wp\/v2\/tags?post=450"}],"curies":[{"name":"wp","href":"https:\/\/api.w.org\/{rel}","templated":true}]}}