{"id":452,"date":"2011-06-23T16:21:00","date_gmt":"2011-06-23T14:21:00","guid":{"rendered":"https:\/\/diocesi.concordia-pordenone.it\/caritas\/si-e-spento-mons-giovanni-bof\/"},"modified":"2011-06-23T16:21:00","modified_gmt":"2011-06-23T14:21:00","slug":"si-e-spento-mons-giovanni-bof","status":"publish","type":"post","link":"https:\/\/diocesi.concordia-pordenone.it\/caritas\/si-e-spento-mons-giovanni-bof\/","title":{"rendered":"Si \u00e8 spento mons. Giovanni Bof"},"content":{"rendered":"<div>Mercoled\u00ec 22 giugno 2011\u00a0si \u00e8 spento mons. Giovanni Bof, direttore della Caritas diocesana dal 1989 al 1992.<\/div>\n<div>\n<div>I funerali avranno luogo nella Chiesa Parrocchiale di Cinto Caomaggiore venerd\u00ec 24 giugno alle ore 15.30.<\/div>\n<p>Il santo Rosario sar\u00e0 recitato nella Chiesa di Cinto Caomaggiore gioved\u00ec 23 giugno alle ore 20.00.<\/p><\/div>\n<div>\u00a0<\/div>\n<div>Nato a Cinto Caomaggiore il 3 marzo 1928, fu ordinato sacerdote il 28 giugno 1953.<\/div>\n<div>Dal 1964 al 1976 fu vicepresidente dell&#8217;Opera Diocesana Assistenza (ODA), di cui assunse la presidenza nel 1976, mantenendola fino al 1997.<\/div>\n<div>Dal 1989 al 1992 fu direttore della Caritas diocesana.<\/div>\n<div>Il 3 agosto 2003 divenne segretario della Fondazione Fraternit\u00e0 e Solidariet\u00e0 Sacerdotale, mentre il 17 febbraio 2004 venne nominato incaricato diocesano FACI (Federazione delle Associazioni del Clero in Italia).<\/div>\n<hr class=\"wpba_attachment_hr\">","protected":false},"excerpt":{"rendered":"<p>Mercoled\u00ec 22 giugno si \u00e8 spento mons. Giovanni Bof, direttore della Caritas diocesana dal 1989 al 1992. I funerali avranno luogo nella Chiesa Parrocchiale di Cinto Caomaggiore venerd\u00ec 24 giugno alle ore 15.30. Il santo Rosario sar\u00e0 recitato nella Chiesa di Cinto Caomaggiore gioved\u00ec 23 giugno alle ore 20.00<\/p>\n","protected":false},"author":0,"featured_media":453,"comment_status":"closed","ping_status":"closed","sticky":false,"template":"","format":"standard","meta":{"_acf_changed":false,"footnotes":""},"categories":[5],"tags":[],"class_list":["post-452","post","type-post","status-publish","format-standard","has-post-thumbnail","hentry","category-altre-news"],"acf":{"seed-localization-paese-cod":"","seed-localization-address":"","seed-localization-citta":"","seed-localization-regione-cod-istat":"","seed-localization-citta-cod-istat":"","seed-localization-localita":"","seed-localization-cap":"","seed-localization-geo":{"lat":41.90552298770031,"lng":12.509441971778871,"zoom":10,"markers":[],"address":"","layers":["OpenStreetMap.Mapnik"]},"seed-localization-marker-visibility":false,"seed-localization-children-visibility":false,"seed-localization-kml":null,"seed-localization-custom-marker":null},"_links":{"self":[{"href":"https:\/\/diocesi.concordia-pordenone.it\/caritas\/wp-json\/wp\/v2\/posts\/452","targetHints":{"allow":["GET"]}}],"collection":[{"href":"https:\/\/diocesi.concordia-pordenone.it\/caritas\/wp-json\/wp\/v2\/posts"}],"about":[{"href":"https:\/\/diocesi.concordia-pordenone.it\/caritas\/wp-json\/wp\/v2\/types\/post"}],"author":[{"embeddable":true,"href":"https:\/\/diocesi.concordia-pordenone.it\/caritas\/wp-json\/wp\/v2\/users\/1"}],"replies":[{"embeddable":true,"href":"https:\/\/diocesi.concordia-pordenone.it\/caritas\/wp-json\/wp\/v2\/comments?post=452"}],"version-history":[{"count":0,"href":"https:\/\/diocesi.concordia-pordenone.it\/caritas\/wp-json\/wp\/v2\/posts\/452\/revisions"}],"wp:featuredmedia":[{"embeddable":true,"href":"https:\/\/diocesi.concordia-pordenone.it\/caritas\/wp-json\/wp\/v2\/media\/453"}],"wp:attachment":[{"href":"https:\/\/diocesi.concordia-pordenone.it\/caritas\/wp-json\/wp\/v2\/media?parent=452"}],"wp:term":[{"taxonomy":"category","embeddable":true,"href":"https:\/\/diocesi.concordia-pordenone.it\/caritas\/wp-json\/wp\/v2\/categories?post=452"},{"taxonomy":"post_tag","embeddable":true,"href":"https:\/\/diocesi.concordia-pordenone.it\/caritas\/wp-json\/wp\/v2\/tags?post=452"}],"curies":[{"name":"wp","href":"https:\/\/api.w.org\/{rel}","templated":true}]}}