{"id":454,"date":"2011-06-23T18:54:00","date_gmt":"2011-06-23T16:54:00","guid":{"rendered":"https:\/\/diocesi.concordia-pordenone.it\/caritas\/progetto-servizio-di-solidarieta-europa\/"},"modified":"2011-06-23T18:54:00","modified_gmt":"2011-06-23T16:54:00","slug":"progetto-servizio-di-solidarieta-europa","status":"publish","type":"post","link":"https:\/\/diocesi.concordia-pordenone.it\/caritas\/progetto-servizio-di-solidarieta-europa\/","title":{"rendered":"Progetto &#8220;Servizio di solidariet\u00e0 Europa&#8221;"},"content":{"rendered":"<div><strong>Un anno di animazione alla solidariet\u00e0 attraverso il coinvolgimento dei giovani<\/strong><\/div>\n<div>\u00a0<\/div>\n<div>\n<div>In occasione del 2011, Anno europeo dedicato\u00a0alla promozione del volontariato, e in linea con il tema unitario dell\u2019Anno pastorale 2010-2011: Educare alla vita buona del Vangelo. La Carit\u00e0 che educa, Caritas Italiana propone alle Caritas diocesane il progetto \u201cSERVIZIO DI SOLIDARIET\u00c0 EUROPA \u2013 Un anno di animazione alla solidariet\u00e0 attraverso il coinvolgimento dei giovani\u201d, un\u2019esperienza \u201ccomplementare\u201d al Servizio civile nazionale con la finalit\u00e0 di:<\/div>\n<div>\n<div>&#8211; proporre forme di sostegno alle Caritas europee con il coinvolgimento dei giovani<\/div>\n<div>&#8211; promuovere percorsi di educazione al servizio, alla nonviolenza, alla cittadinanza dei giovani<\/div>\n<div>\u00a0<\/div>\n<div>Il progetto e il bando sono scaricabili dal sito di Caritas Italiana.<\/div>\n<div>\n<div>\u00a0<\/div>\n<div>La domanda di partecipazione al bando dovr\u00e0 essere indirizzata a:<\/div>\n<div>servizioeuropa@caritasitaliana.it<\/div>\n<div>oppure a<\/div>\n<div>Caritas Italiana, via Aurelia 796, 00165 Roma,<\/div>\n<div>all\u2019attenzione del Servizio Europa &#8211; Progetto \u201cServizio di solidariet\u00e0 Europa\u201d<\/div>\n<div>\u00a0<\/div>\n<div><strong>ENTRO GIOVED\u00cc 30 GIUGNO 2011<\/strong><\/div>\n<\/div>\n<div>\u00a0<\/div>\n<div>\u00a0<\/div>\n<div>\n<div><strong>UNA PROPOSTA EDUCATIVA PER I GIOVANI E LE COMUNIT\u00c0<\/strong><\/div>\n<div>Il progetto prevede un impegno all\u2019estero per 5 giovani dai 18 ai 30 anni, della durata di 1 anno, con gli obiettivi di:<\/div>\n<div>&#8211; offrire ai giovani occasioni diversificate di servizio<\/div>\n<div>\n<div>&#8211; rafforzare una trama di relazione tra giovani, Chiesa e territorio<\/div>\n<div>&#8211; rafforzare a livello diocesano la collaborazione in ambito ecclesiale sul tema dell\u2019educazione giovanile<\/div>\n<div>&#8211; stimolare la diversificazione delle proposte di educazione giovanile in ambito diocesano<\/div>\n<div>\u00a0<\/div>\n<div>\n<div>ll progetto si esprime e si realizza nell&#8217;area geografica del Sud-est Europa. Le sedi del servizio sono Tirana \u2013 Albania, Sarajevo \u2013 Bosnia ed Erzergovina, Belgrado \u2013 Serbia, Ferizaj \u2013 Kosovo, presso gli uffici in loco delle Caritas nazionali o di Caritas Italiana.<\/div>\n<div>\u00a0<\/div>\n<div>\n<div>Il progetto \u00e8 concepito e realizzato come progetto formativo, rivolto prima di tutto a giovani nella fase delle decisioni per il proprio percorso di vita, rispetto al mondo del lavoro e l\u2019assunzione di responsabilit\u00e0 personali e sociali. Il progetto si propone quindi un coinvolgimento personale, ai fini di una ricaduta positiva sulle future scelte di vita.<\/div>\n<div>Oltre ad abilitare strettamente all\u2019attivit\u00e0 all\u2019estero e ad un proficuo inserimento nel progetto, l\u2019esperienza \u00e8 finalizzata pi\u00f9 ampiamente ad offrire percorsi di cittadinanza attiva, di confronto con la complessit\u00e0 della mondializzazione e alla comprensione del rapporto tra problematiche internazionali e quelle locali.<\/div>\n<div>A tal fine \u00e8 importante che, al pari dei progetti di servizio civile, i giovani che verranno selezionati provengano dalle realt\u00e0 vicine alle Caritas diocesane, e che possano svolgere un periodo di ricaduta ed animazione presso le stesse.<\/div>\n<\/div>\n<\/div>\n<\/div>\n<\/div>\n<\/div>\n<\/div>\n<hr class=\"wpba_attachment_hr\">","protected":false},"excerpt":{"rendered":"<p>Un anno nell&#8217;Est Europa: bando di concorso per giovani dai 18 ai 30 anni. Scadenza: gioved\u00ec 30 giugno. Clicca qui per saperne di pi\u00f9!<\/p>\n","protected":false},"author":0,"featured_media":455,"comment_status":"closed","ping_status":"closed","sticky":false,"template":"","format":"standard","meta":{"_acf_changed":false,"footnotes":""},"categories":[5],"tags":[],"class_list":["post-454","post","type-post","status-publish","format-standard","has-post-thumbnail","hentry","category-altre-news"],"acf":{"seed-localization-paese-cod":"","seed-localization-address":"","seed-localization-citta":"","seed-localization-regione-cod-istat":"","seed-localization-citta-cod-istat":"","seed-localization-localita":"","seed-localization-cap":"","seed-localization-geo":{"lat":41.90552298770031,"lng":12.509441971778871,"zoom":10,"markers":[],"address":"","layers":["OpenStreetMap.Mapnik"]},"seed-localization-marker-visibility":false,"seed-localization-children-visibility":false,"seed-localization-kml":null,"seed-localization-custom-marker":null},"_links":{"self":[{"href":"https:\/\/diocesi.concordia-pordenone.it\/caritas\/wp-json\/wp\/v2\/posts\/454","targetHints":{"allow":["GET"]}}],"collection":[{"href":"https:\/\/diocesi.concordia-pordenone.it\/caritas\/wp-json\/wp\/v2\/posts"}],"about":[{"href":"https:\/\/diocesi.concordia-pordenone.it\/caritas\/wp-json\/wp\/v2\/types\/post"}],"author":[{"embeddable":true,"href":"https:\/\/diocesi.concordia-pordenone.it\/caritas\/wp-json\/wp\/v2\/users\/1"}],"replies":[{"embeddable":true,"href":"https:\/\/diocesi.concordia-pordenone.it\/caritas\/wp-json\/wp\/v2\/comments?post=454"}],"version-history":[{"count":0,"href":"https:\/\/diocesi.concordia-pordenone.it\/caritas\/wp-json\/wp\/v2\/posts\/454\/revisions"}],"wp:featuredmedia":[{"embeddable":true,"href":"https:\/\/diocesi.concordia-pordenone.it\/caritas\/wp-json\/wp\/v2\/media\/455"}],"wp:attachment":[{"href":"https:\/\/diocesi.concordia-pordenone.it\/caritas\/wp-json\/wp\/v2\/media?parent=454"}],"wp:term":[{"taxonomy":"category","embeddable":true,"href":"https:\/\/diocesi.concordia-pordenone.it\/caritas\/wp-json\/wp\/v2\/categories?post=454"},{"taxonomy":"post_tag","embeddable":true,"href":"https:\/\/diocesi.concordia-pordenone.it\/caritas\/wp-json\/wp\/v2\/tags?post=454"}],"curies":[{"name":"wp","href":"https:\/\/api.w.org\/{rel}","templated":true}]}}