{"id":456,"date":"2011-06-24T13:17:00","date_gmt":"2011-06-24T11:17:00","guid":{"rendered":"https:\/\/diocesi.concordia-pordenone.it\/caritas\/incontro-con-don-romano-filippi-missionario-in-kenya\/"},"modified":"2011-06-24T13:17:00","modified_gmt":"2011-06-24T11:17:00","slug":"incontro-con-don-romano-filippi-missionario-in-kenya","status":"publish","type":"post","link":"https:\/\/diocesi.concordia-pordenone.it\/caritas\/incontro-con-don-romano-filippi-missionario-in-kenya\/","title":{"rendered":"Incontro con don Romano Filippi, missionario in Kenya"},"content":{"rendered":"<div>\n<div>Don Romano Filippi, missionario in Kenya, terr\u00e0 un incontro <strong>gioved\u00ec 30 giugno 2011 alle ore 20.30 <\/strong><strong>presso l&#8217;Auditorium della Curia diocesana<\/strong>, a Pordenone in via Revedole 1.<\/div>\n<div>\u00a0<\/div>\n<div>Don Romano \u00e8\u00a0sacerdote diocesano \u201cfidei donum\u201d e nostro referente in Kenya per i bambini e i progetti scolastici, sanitari ed idrici, che appoggiamo grazie alla generosit\u00e0 dei sostenitori a distanza. <\/div>\n<div>\u00a0<\/div>\n<div>Attendiamo con piacere questa sua visita per avere notizie ed aggiornamenti circa il suo impegno verso i nostri fratelli meno fortunati.<\/div>\n<div>Partecipare \u00e8 importante al di l\u00e0 dell\u2019aiuto economico, perch\u00e9 ci rende partecipi e aiuta ad essere consapevoli della realt\u00e0 che la missione di don Romano vive quotidianamente.<\/div>\n<div>\u00a0<\/div>\n<div>Per informazioni: Area Mondialit\u00e0 ed Emergenze, tel. 0434 221285, caritas.mondialita(@)diocesiconcordiapordenone.it<\/div>\n<\/div>\n<hr class=\"wpba_attachment_hr\">","protected":false},"excerpt":{"rendered":"<p>Gioved\u00ec 30 giugno incontriamo don Romano Filippi, missionario in Kenya. L&#8217;incontro si terr\u00e0 alle ore 20.30 presso l&#8217;Auditorium della Curia diocesana, a Pordenone in via Revedole 1. Don Romano \u00e8 sacerdote diocesano \u201cfidei donum\u201d e nostro referente in Kenya per i bambini e i progetti scolastici, sanitari ed idrici, che appoggiamo grazie alla generosit\u00e0 dei sostenitori a distanza<\/p>\n","protected":false},"author":0,"featured_media":457,"comment_status":"closed","ping_status":"closed","sticky":false,"template":"","format":"standard","meta":{"_acf_changed":false,"footnotes":""},"categories":[5],"tags":[],"class_list":["post-456","post","type-post","status-publish","format-standard","has-post-thumbnail","hentry","category-altre-news"],"acf":{"seed-localization-paese-cod":"","seed-localization-address":"","seed-localization-citta":"","seed-localization-regione-cod-istat":"","seed-localization-citta-cod-istat":"","seed-localization-localita":"","seed-localization-cap":"","seed-localization-geo":{"lat":41.90552298770031,"lng":12.509441971778871,"zoom":10,"markers":[],"address":"","layers":["OpenStreetMap.Mapnik"]},"seed-localization-marker-visibility":false,"seed-localization-children-visibility":false,"seed-localization-kml":null,"seed-localization-custom-marker":null},"_links":{"self":[{"href":"https:\/\/diocesi.concordia-pordenone.it\/caritas\/wp-json\/wp\/v2\/posts\/456","targetHints":{"allow":["GET"]}}],"collection":[{"href":"https:\/\/diocesi.concordia-pordenone.it\/caritas\/wp-json\/wp\/v2\/posts"}],"about":[{"href":"https:\/\/diocesi.concordia-pordenone.it\/caritas\/wp-json\/wp\/v2\/types\/post"}],"author":[{"embeddable":true,"href":"https:\/\/diocesi.concordia-pordenone.it\/caritas\/wp-json\/wp\/v2\/users\/1"}],"replies":[{"embeddable":true,"href":"https:\/\/diocesi.concordia-pordenone.it\/caritas\/wp-json\/wp\/v2\/comments?post=456"}],"version-history":[{"count":0,"href":"https:\/\/diocesi.concordia-pordenone.it\/caritas\/wp-json\/wp\/v2\/posts\/456\/revisions"}],"wp:featuredmedia":[{"embeddable":true,"href":"https:\/\/diocesi.concordia-pordenone.it\/caritas\/wp-json\/wp\/v2\/media\/457"}],"wp:attachment":[{"href":"https:\/\/diocesi.concordia-pordenone.it\/caritas\/wp-json\/wp\/v2\/media?parent=456"}],"wp:term":[{"taxonomy":"category","embeddable":true,"href":"https:\/\/diocesi.concordia-pordenone.it\/caritas\/wp-json\/wp\/v2\/categories?post=456"},{"taxonomy":"post_tag","embeddable":true,"href":"https:\/\/diocesi.concordia-pordenone.it\/caritas\/wp-json\/wp\/v2\/tags?post=456"}],"curies":[{"name":"wp","href":"https:\/\/api.w.org\/{rel}","templated":true}]}}