{"id":463,"date":"2011-07-20T10:43:00","date_gmt":"2011-07-20T08:43:00","guid":{"rendered":"https:\/\/diocesi.concordia-pordenone.it\/caritas\/online-lesito-della-raccolta-straordinaria-indumenti-usati\/"},"modified":"2011-07-20T10:43:00","modified_gmt":"2011-07-20T08:43:00","slug":"online-lesito-della-raccolta-straordinaria-indumenti-usati","status":"publish","type":"post","link":"https:\/\/diocesi.concordia-pordenone.it\/caritas\/online-lesito-della-raccolta-straordinaria-indumenti-usati\/","title":{"rendered":"Online l&#8217;esito della raccolta straordinaria indumenti usati"},"content":{"rendered":"<div>\n<div>Lo scorso 14 maggio si \u00e8 svolta l&#8217;annuale raccolta straordinaria degli insumenti usati.<\/div>\n<div>Pubblichiamo i dati dei kg raccolti.<\/div>\n<div>\u00a0<\/div>\n<div>Quest\u2019anno sono stati collocati 21 container, che, per buona parte, sono stati riempiti.<\/div>\n<div>Qui sotto l\u2019elenco dei kg raccolti: il materiale delle casse parzialmente riempite \u00e8 stato riunito in un unico container (specificato nell\u2019elenco).<\/div>\n<div>\u00a0<\/div>\n<div>Aviano <i>(2 container): <\/i><strong>Kg\u00a010.850<\/strong><\/div>\n<div>Azzano Decimo <i>(1 container)<\/i> + Castions <i>(parte del 2\u00b0 container): <\/i><strong>Kg 8.300<\/strong><\/div>\n<div>Castions <i>(1\u00b0 container): <\/i><strong>Kg 7.460<\/strong><\/div>\n<div>Chions + PN\/sede Caritas diocesana <i>(parte del 2\u00b0 container): <\/i><strong>Kg 8.050<\/strong><\/div>\n<div>Concordia Sagittaria<i> (1 container): <\/i><strong>Kg 8.210<\/strong><\/div>\n<div>Cordovado <i>(1 container): <\/i><strong>Kg 7.200<\/strong><\/div>\n<div>Fiume Veneto <i>(1 container): <\/i><strong>Kg 7.750<\/strong><\/div>\n<div>Fossalta di Portogruaro <i>(1 container): <\/i><strong>Kg 7.780<\/strong><\/div>\n<div>Maniago <i>(2 container): <\/i><strong>Kg\u00a012.640<\/strong><\/div>\n<div>Pasiano <i>(1 container): <\/i><strong>Kg 7.780<\/strong><\/div>\n<div>Pordenone\/sede Caritas diocesana <i>(1\u00b0 container): <\/i><strong>Kg 8.000<\/strong><\/div>\n<div>PN\/sede Caritas + Casa S. Giuseppe + Castions: <strong>Kg 8.350<\/strong><\/div>\n<div><i>(uniti 3 container parzialmente riempiti)<\/i><\/div>\n<div>San Vito al Tagliamento <i>(1 container): <\/i><strong>Kg 7.000<\/strong><\/div>\n<div>Spilimbergo <i>(2 container): <\/i><strong>Kg\u00a012.910<\/strong><\/div>\n<div>Summaga<i> (1 container): <\/i><strong>Kg 7.570<\/strong><\/div>\n<div>\u00a0<\/div>\n<div><b>TOTALE RACCOLTO: Kg 129.850<\/b><\/div>\n<div>\u00a0<\/div>\n<div>Rispetto al 2010 sono stati raccolti <b>2.340 kg<\/b><b> in pi\u00f9<\/b>.<\/div>\n<div>\u00a0<\/div>\n<div>Alla Caritas diocesana viene riconosciuta un\u2019entrata di <b>15.582,00 euro<\/b>, somma che verr\u00e0 utilizzata per sostenere le iniziative di solidariet\u00e0.<\/div>\n<div>\u00a0<\/div>\n<div>Per saperne di pi\u00f9, vai alla pagina dedicata alla raccolta straordinaria<\/div>\n<\/div>\n<hr class=\"wpba_attachment_hr\">","protected":false},"excerpt":{"rendered":"<p>Confermato il trend positivo degli ultimi anni. Nella raccolta straordinaria dello scorso 14 maggio sono stati raccolti in totale 129.850 Kg, 2.340 kg in pi\u00f9 rispetto al 2010. Caritas diocesana utilizzer\u00e0 il ricavato per sostenere le proprie iniziative di solidariet\u00e0<\/p>\n","protected":false},"author":0,"featured_media":464,"comment_status":"closed","ping_status":"closed","sticky":false,"template":"","format":"standard","meta":{"_acf_changed":false,"footnotes":""},"categories":[5],"tags":[],"class_list":["post-463","post","type-post","status-publish","format-standard","has-post-thumbnail","hentry","category-altre-news"],"acf":{"seed-localization-paese-cod":"","seed-localization-address":"","seed-localization-citta":"","seed-localization-regione-cod-istat":"","seed-localization-citta-cod-istat":"","seed-localization-localita":"","seed-localization-cap":"","seed-localization-geo":{"lat":41.90552298770031,"lng":12.509441971778871,"zoom":10,"markers":[],"address":"","layers":["OpenStreetMap.Mapnik"]},"seed-localization-marker-visibility":false,"seed-localization-children-visibility":false,"seed-localization-kml":null,"seed-localization-custom-marker":null},"_links":{"self":[{"href":"https:\/\/diocesi.concordia-pordenone.it\/caritas\/wp-json\/wp\/v2\/posts\/463","targetHints":{"allow":["GET"]}}],"collection":[{"href":"https:\/\/diocesi.concordia-pordenone.it\/caritas\/wp-json\/wp\/v2\/posts"}],"about":[{"href":"https:\/\/diocesi.concordia-pordenone.it\/caritas\/wp-json\/wp\/v2\/types\/post"}],"author":[{"embeddable":true,"href":"https:\/\/diocesi.concordia-pordenone.it\/caritas\/wp-json\/wp\/v2\/users\/1"}],"replies":[{"embeddable":true,"href":"https:\/\/diocesi.concordia-pordenone.it\/caritas\/wp-json\/wp\/v2\/comments?post=463"}],"version-history":[{"count":0,"href":"https:\/\/diocesi.concordia-pordenone.it\/caritas\/wp-json\/wp\/v2\/posts\/463\/revisions"}],"wp:featuredmedia":[{"embeddable":true,"href":"https:\/\/diocesi.concordia-pordenone.it\/caritas\/wp-json\/wp\/v2\/media\/464"}],"wp:attachment":[{"href":"https:\/\/diocesi.concordia-pordenone.it\/caritas\/wp-json\/wp\/v2\/media?parent=463"}],"wp:term":[{"taxonomy":"category","embeddable":true,"href":"https:\/\/diocesi.concordia-pordenone.it\/caritas\/wp-json\/wp\/v2\/categories?post=463"},{"taxonomy":"post_tag","embeddable":true,"href":"https:\/\/diocesi.concordia-pordenone.it\/caritas\/wp-json\/wp\/v2\/tags?post=463"}],"curies":[{"name":"wp","href":"https:\/\/api.w.org\/{rel}","templated":true}]}}