{"id":469,"date":"2011-07-12T12:20:00","date_gmt":"2011-07-12T10:20:00","guid":{"rendered":"https:\/\/diocesi.concordia-pordenone.it\/caritas\/viii-settimana-sociale-diocesana\/"},"modified":"2011-07-12T12:20:00","modified_gmt":"2011-07-12T10:20:00","slug":"viii-settimana-sociale-diocesana","status":"publish","type":"post","link":"https:\/\/diocesi.concordia-pordenone.it\/caritas\/viii-settimana-sociale-diocesana\/","title":{"rendered":"VIII Settimana Sociale diocesana"},"content":{"rendered":"<div>\n<div>\n<div><strong>luned\u00ec 3, mercoled\u00ec 5 e venerd\u00ec 7 ottobre 2011<\/strong><\/div>\n<div>presso la Sala Congressi della Fiera di Pordenone<\/div>\n<div><strong>marted\u00ec 4 ottobre<\/strong><\/div>\n<div>veglia di preghiera presso la chiesa parrocchiale di S. Francesco d&#8217;Assisi, Pordenone<\/div>\n<div>\u00a0<\/div>\n<div>\u00a0<\/div>\n<div><b>Unit\u00e0 d\u2019Italia: il cammino continua<\/b><\/div>\n<div>\u00a0<\/div>\n<div>L\u2019Italia, la sua unit\u00e0, serve ancora al Bene Comune? Quale ruolo e quale contributo possono offrire i cattolici alla ricostruzione materiale e morale del nostro Paese? Da dove partire e quale strada percorrere per rinnovare le ragioni ed il senso della nostra convivenza?<\/div>\n<div>Attorno a queste domande si snoda il filo conduttore dell\u2019ottava Settimana Sociale diocesana. Un appuntamento fondamentale per i cattolici della nostra Diocesi e per tutti i cittadini che hanno a cuore le grandi questioni sociali del nostro tempo e del nostro territorio. La Settimana Sociale costituisce infatti l\u2019occasione per rinnovare il confronto tra Chiesa e societ\u00e0, rimotivare l\u2019impegno dei laici sui temi che orientano il vivere comune e le nostre istituzioni.<\/div>\n<div>\u00a0<\/div>\n<div><strong>Luned\u00ec 3 ottobre <\/strong>aprir\u00e0 la settimana, dopo la prolusione del Vescovo mons. Pellegrini, il <strong>prof. Luca Diotallevi <\/strong>che provocatoriamente metter\u00e0 al centro il punto di partenza dei cattolici: il bene comune, valore che viene prima degli altri, compresa l\u2019unit\u00e0 delle nostre istituzioni. \u00c8 chiaro che la strada suggerita \u00e8 quella di un comune cammino, ma con quale nuovo patto sociale tra noi e quale percorso per il rinnovamento politico-istituzionale? Ci si soffermer\u00e0 poi, con <strong>mons. Adriano Vincenzi<\/strong>, nella serata di <strong>mercoled\u00ec 5<\/strong>, ad approfondire quale ruolo sono chiamati a giocare i cattolici in questo contesto, mentre la serata conclusiva \u00e8 dedicata all\u2019ambito che per vocazione i cristiani sono tenuti a privilegiare: l\u2019educazione quale leva profonda del cambiamento che parte dalle persone. A tal proposito non \u00e8 casuale la scelta d\u2019invitare il <strong>prof. Giuseppe Savagnone<\/strong>, una delle voci pi\u00f9 lucide del nostro meridione. Le conclusioni invece saranno affidate al nostro Vescovo.<\/div>\n<div>\u00a0<\/div>\n<div>La Settimana Sociale \u00e8 tenuta a chiarire meglio l\u2019orizzonte verso il quale \u00e8 opportuno muoversi, a partire da un\u2019analisi sincera delle nostre condizioni. Non \u00e8 un metodo astratto lontano dai problemi che ogni giorno, specie in questo momento storico, ci troviamo ad affrontare. Basta riflettere un secondo su quante volte, dall\u2019inizio della crisi economica e possiamo dire anche istituzionale, ci \u00e8 stato ripetuto che le attuali difficolt\u00e0 non sono originate solo da inevitabili cicli economici, ma da elementi distorsivi di fondo del nostro sistema sociale, politico culturale. Quindi crisi etica, crisi di valori, offuscamento dei valori sociali, disgregazione dei legami comunitari ecc. Coerentemente le leve del cambiamento vanno trovate in questi ambiti e probabilmente meno in altri, forse apparentemente pi\u00f9 tecnici ma meno risolutivi.<\/div>\n<div>\u00a0<\/div>\n<div>I cristiani sanno poi che da soli non si va da nessuna parte, non si pu\u00f2 realizzare nessun progetto. Poich\u00e9 le nostre intenzioni, i nostri percorsi devono \u201csaldare la Terra e il Cielo\u201d. La dimensione spirituale per i cristiani non \u00e8 un semplice momento di ristoro dell\u2019anima, quanto dialogo vero con Dio per cambiare le cose, a partire da noi stessi. Quest\u2019anno si \u00e8 aggiunto quindi un importante appuntamento previsto per la sera di <strong>marted\u00ec 4 ottobre<\/strong>, giorno dedicato a San Francesco d\u2019Assisi, Patrono del nostro Paese. Si tratta di una celebrazione nella Chiesa parrocchiale di San Francesco d\u2019Assisi (piazzale san Gottardo) in cui dare voce ad una\u00a0\u201cGrande Preghiera per l\u2019Italia\u201d. Il Vescovo per questa occasione ha inviato una lettera a tutti i Sindaci della Diocesi, invitandoli ad essere presenti con il proprio Gonfalone. Ci\u00f2 a testimoniare simbolicamente il comune intento di operare, nei reciproci ambiti di appartenenza, a favore del bene del Paese.<\/div>\n<div>\u00a0<\/div>\n<div align=\"right\">Il Comitato diocesano per la Settimana Sociale<\/div>\n<\/div>\n<\/div>\n<hr class=\"wpba_attachment_hr\"><div id='wpba_attachment_list' class='wpba wpba-wrap'>\n<ul class='wpba-attachment-list unstyled'><li id='wpba_attachment_list_471' class='wpba-list-item pull-left'><img src='https:\/\/diocesi.concordia-pordenone.it\/caritas\/wp-content\/themes\/wp-starter-so\/icons\/document.png' width='16' height='20' class='wpba-icon pull-left'><a href='https:\/\/diocesi.concordia-pordenone.it\/caritas\/wp-content\/uploads\/sites\/3\/2021\/06\/pieghevole-settimana-sociale-2011.pdf' title='pieghevole-settimana-sociale-2011' class='wpba-link pull-left' target=\"_blank\">pieghevole-settimana-sociale-2011<\/a><\/li>\n<\/ul><\/div>\n","protected":false},"excerpt":{"rendered":"<p>Unit\u00e0 d&#8217;Italia: il cammino continua. \u00c8 dedicata al 150\u00b0 anniversario dell&#8217;unit\u00e0 d&#8217;Italia l&#8217;ottava edizione della Settimana Sociale diocesana, che si svolger\u00e0 luned\u00ec 3, marted\u00ec 4 (veglia di preghiera), mercoled\u00ec 5 e venerd\u00ec 7 ottobre 2011 presso la Sala Congressi della Fiera di Pordenone. Entra per scaricare il programma delle quattro serate<\/p>\n","protected":false},"author":0,"featured_media":470,"comment_status":"closed","ping_status":"closed","sticky":false,"template":"","format":"standard","meta":{"_acf_changed":false,"footnotes":""},"categories":[5],"tags":[],"class_list":["post-469","post","type-post","status-publish","format-standard","has-post-thumbnail","hentry","category-altre-news"],"acf":{"seed-localization-paese-cod":"","seed-localization-address":"","seed-localization-citta":"","seed-localization-regione-cod-istat":"","seed-localization-citta-cod-istat":"","seed-localization-localita":"","seed-localization-cap":"","seed-localization-geo":{"lat":41.90552298770031,"lng":12.509441971778871,"zoom":10,"markers":[],"address":"","layers":["OpenStreetMap.Mapnik"]},"seed-localization-marker-visibility":false,"seed-localization-children-visibility":false,"seed-localization-kml":null,"seed-localization-custom-marker":null},"_links":{"self":[{"href":"https:\/\/diocesi.concordia-pordenone.it\/caritas\/wp-json\/wp\/v2\/posts\/469","targetHints":{"allow":["GET"]}}],"collection":[{"href":"https:\/\/diocesi.concordia-pordenone.it\/caritas\/wp-json\/wp\/v2\/posts"}],"about":[{"href":"https:\/\/diocesi.concordia-pordenone.it\/caritas\/wp-json\/wp\/v2\/types\/post"}],"author":[{"embeddable":true,"href":"https:\/\/diocesi.concordia-pordenone.it\/caritas\/wp-json\/wp\/v2\/users\/1"}],"replies":[{"embeddable":true,"href":"https:\/\/diocesi.concordia-pordenone.it\/caritas\/wp-json\/wp\/v2\/comments?post=469"}],"version-history":[{"count":0,"href":"https:\/\/diocesi.concordia-pordenone.it\/caritas\/wp-json\/wp\/v2\/posts\/469\/revisions"}],"wp:featuredmedia":[{"embeddable":true,"href":"https:\/\/diocesi.concordia-pordenone.it\/caritas\/wp-json\/wp\/v2\/media\/470"}],"wp:attachment":[{"href":"https:\/\/diocesi.concordia-pordenone.it\/caritas\/wp-json\/wp\/v2\/media?parent=469"}],"wp:term":[{"taxonomy":"category","embeddable":true,"href":"https:\/\/diocesi.concordia-pordenone.it\/caritas\/wp-json\/wp\/v2\/categories?post=469"},{"taxonomy":"post_tag","embeddable":true,"href":"https:\/\/diocesi.concordia-pordenone.it\/caritas\/wp-json\/wp\/v2\/tags?post=469"}],"curies":[{"name":"wp","href":"https:\/\/api.w.org\/{rel}","templated":true}]}}