{"id":485,"date":"2011-11-07T13:17:00","date_gmt":"2011-11-07T12:17:00","guid":{"rendered":"https:\/\/diocesi.concordia-pordenone.it\/caritas\/incontro-con-ernestina-cornacchia-missionaria-in-brasile\/"},"modified":"2011-11-07T13:17:00","modified_gmt":"2011-11-07T12:17:00","slug":"incontro-con-ernestina-cornacchia-missionaria-in-brasile","status":"publish","type":"post","link":"https:\/\/diocesi.concordia-pordenone.it\/caritas\/incontro-con-ernestina-cornacchia-missionaria-in-brasile\/","title":{"rendered":"Incontro con Ernestina Cornacchia, missionaria in Brasile"},"content":{"rendered":"<div>\n<div>Ernestina Cornacchia, missionaria in Brasile, terr\u00e0 un incontro <strong>marted\u00ec 15 novembre 2011 alle ore 20.30 <\/strong><strong>presso l&#8217;Auditorium della Curia diocesana<\/strong>, a Pordenone in via Revedole 1.<\/div>\n<div>\u00a0<\/div>\n<div>\n<div>Ci racconter\u00e0 dei risultati ottenuti in tanti anni di lavoro anche grazie al\u00a0contributo dei sostenitori a distanza.<\/div>\n<div>C\u2019\u00e8 inoltre una novit\u00e0: <strong>il progetto\u00a0\u201cCristo \u00e8 Vida\u201d \u00e8 stato riconosciuto dal governo brasiliano e dal 2012 sar\u00e0 autonomo<\/strong>.<\/div>\n<div>Vi illustreremo anche il nuovo progetto che stiamo avviando in Brasile.<\/div>\n<\/div>\n<div>\u00a0<\/div>\n<div>\u00a0<\/div>\n<div>Per informazioni: Area Mondialit\u00e0 ed Emergenze, tel. 0434 221285, caritas.mondialita(@)diocesiconcordiapordenone.it<\/div>\n<\/div>\n<hr class=\"wpba_attachment_hr\">","protected":false},"excerpt":{"rendered":"<p>Marted\u00ec 15 novembre incontriamo Ernestina Cornacchia, missionaria in Brasile. L&#8217;incontro si terr\u00e0 alle ore 20.30 presso l&#8217;Auditorium della Curia diocesana, a Pordenone in via Revedole 1. Ci racconter\u00e0 dei risultati ottenuti in tanti anni di lavoro anche grazie al contributo dei sostenitori a distanza<\/p>\n","protected":false},"author":0,"featured_media":486,"comment_status":"closed","ping_status":"closed","sticky":false,"template":"","format":"standard","meta":{"_acf_changed":false,"footnotes":""},"categories":[5],"tags":[],"class_list":["post-485","post","type-post","status-publish","format-standard","has-post-thumbnail","hentry","category-altre-news"],"acf":{"seed-localization-paese-cod":"","seed-localization-address":"","seed-localization-citta":"","seed-localization-regione-cod-istat":"","seed-localization-citta-cod-istat":"","seed-localization-localita":"","seed-localization-cap":"","seed-localization-geo":{"lat":41.90552298770031,"lng":12.509441971778871,"zoom":10,"markers":[],"address":"","layers":["OpenStreetMap.Mapnik"]},"seed-localization-marker-visibility":false,"seed-localization-children-visibility":false,"seed-localization-kml":null,"seed-localization-custom-marker":null},"_links":{"self":[{"href":"https:\/\/diocesi.concordia-pordenone.it\/caritas\/wp-json\/wp\/v2\/posts\/485","targetHints":{"allow":["GET"]}}],"collection":[{"href":"https:\/\/diocesi.concordia-pordenone.it\/caritas\/wp-json\/wp\/v2\/posts"}],"about":[{"href":"https:\/\/diocesi.concordia-pordenone.it\/caritas\/wp-json\/wp\/v2\/types\/post"}],"author":[{"embeddable":true,"href":"https:\/\/diocesi.concordia-pordenone.it\/caritas\/wp-json\/wp\/v2\/users\/1"}],"replies":[{"embeddable":true,"href":"https:\/\/diocesi.concordia-pordenone.it\/caritas\/wp-json\/wp\/v2\/comments?post=485"}],"version-history":[{"count":0,"href":"https:\/\/diocesi.concordia-pordenone.it\/caritas\/wp-json\/wp\/v2\/posts\/485\/revisions"}],"wp:featuredmedia":[{"embeddable":true,"href":"https:\/\/diocesi.concordia-pordenone.it\/caritas\/wp-json\/wp\/v2\/media\/486"}],"wp:attachment":[{"href":"https:\/\/diocesi.concordia-pordenone.it\/caritas\/wp-json\/wp\/v2\/media?parent=485"}],"wp:term":[{"taxonomy":"category","embeddable":true,"href":"https:\/\/diocesi.concordia-pordenone.it\/caritas\/wp-json\/wp\/v2\/categories?post=485"},{"taxonomy":"post_tag","embeddable":true,"href":"https:\/\/diocesi.concordia-pordenone.it\/caritas\/wp-json\/wp\/v2\/tags?post=485"}],"curies":[{"name":"wp","href":"https:\/\/api.w.org\/{rel}","templated":true}]}}