{"id":490,"date":"2011-11-30T10:37:00","date_gmt":"2011-11-30T09:37:00","guid":{"rendered":"https:\/\/diocesi.concordia-pordenone.it\/caritas\/africa-chi-sei\/"},"modified":"2011-11-30T10:37:00","modified_gmt":"2011-11-30T09:37:00","slug":"africa-chi-sei","status":"publish","type":"post","link":"https:\/\/diocesi.concordia-pordenone.it\/caritas\/africa-chi-sei\/","title":{"rendered":"Africa chi sei?"},"content":{"rendered":"<div><strong>CONOSCERE PER CAPIRSI<\/strong><\/div>\n<div><strong>sabato 3 dicembre &#8211; Oratorio San Lorenzo &#8211; Rorai Grande (Pordenone)<\/strong><\/div>\n<div><strong>ingresso libero<\/strong><\/div>\n<div>\u00a0<\/div>\n<div>Sabato 3 dicembre, nell\u2019ambito delle manifestazioni della rassegna cinematografica \u201cGli occhi dell\u2019Africa\u201d, ci sar\u00e0 \u201cAfrica chi sei?\u201d, una serie di iniziative che si svolgeranno nell\u2019arco della giornata.<\/div>\n<div>\u00a0<\/div>\n<div><strong>Mattina<\/strong><\/div>\n<div><strong>sala \u201cDrusin\u201d di Cinemazero<\/strong><\/div>\n<div>incontro dedicato alle <strong>scuole <\/strong>sul tema A scuola d\u2019Africa: l\u2019istruzione come opportunit\u00e0<\/div>\n<div>\u00a0<\/div>\n<div><strong>Pomeriggio<\/strong><\/div>\n<div><strong>sala parrocchiale di San Lorenzo<\/strong><\/div>\n<div>\u00a0<\/div>\n<div>dalle <strong>ore 16.00<\/strong>: <strong>stands <\/strong>Paesi africani<\/div>\n<div>\u00a0<\/div>\n<div><strong>ore 18.00<\/strong>: <strong>incontro <\/strong>con <strong>Jean-L\u00e8onard Touadi <\/strong>sul tema Africa e Italia: la famiglia tra passato, presente e futuro<\/div>\n<div>All\u2019incontro parteciperanno anche il direttore della Rivista \u201cNigrizia\u201d Franco Moretti, Vincenzo Romor, assessore alle politiche sociali del Comune di Pordenone, e alcuni componenti dell\u2019associazione Les Cultures<\/div>\n<div>\u00a0<\/div>\n<div><strong>ore 19.30<\/strong>:\u00a0<strong>cena etnica<\/strong><\/div>\n<div>\u00a0<\/div>\n<div><strong>ore 21.00<\/strong>: <strong>sfilata di moda <\/strong>in abiti tradizionali e\u00a0<strong>concerto <\/strong>con il gruppo congolese \u201cYam\u00e0\u201d, il coro ghanese di Pordenone e il gruppo Cravanaz della scuola popolare di musica della Societ\u00e0 Operaia, diretto da Laura Compranini, con Priscilla Zol\u00e0 voce solista<\/div>\n<div>\u00a0<\/div>\n<div>Alla realizzazione e promozione della giornata partecipano la parrocchia di San Lorenzo, Caritas diocesana, Tye&#038;Dya Women Association Ghana, Associazione Immigrati Pordenone, Mondo Tuareg, Associazione Etiope, Associazione Angolana, Associazione Burkina-Faso, Majawe, Societ\u00e0 cooperativa Pn, Associazione onlus \u201cLa ginestra\u201d, Liceo \u201cLeopardi-Majorana\u201d, Universit\u00e0 della campagna, Citt\u00e0 Domani e il gruppo insegnanti \u201cFlora per Bondo\u201d.<\/div>\n<div>\u00a0<\/div>\n<div>Jean-L\u00e8onard Touadi, giornalista di origine congolese, insegna all&#8217;Universit\u00e0 di Bologna, all&#8217;Universit\u00e0 degli Studi di Milano e all&#8217;Universit\u00e0 degli Studi di Roma &#8220;Tor Vergata&#8221;. Dirige il programma di Rai 2 e Rai Storia &#8220;Un mondo a colori&#8221;, di cui \u00e8 stato anche conduttore, e scrive per la rivista Nigrizia. In Italia dal 1979, \u00e8 stato assessore alla sicurezza, alle politiche giovanili e ai rapporti con le universit\u00e0 del Comune di Roma, nella giunta di Walter Veltroni. Eletto nelle elezioni politiche del 2008, \u00e8 il secondo parlamentare di colore della storia italiana.<\/div>\n<div>\u00a0<\/div>\n<div>\u00a0<\/div>\n<div>Per info:\u00a00434 221222 &#8211;\u00a0caritas@diocesiconcordiapordenone.it <\/div>\n<hr class=\"wpba_attachment_hr\">","protected":false},"excerpt":{"rendered":"<p>Incontro con Jean-L\u00e8onard Touadi sul tema &#8220;Africa e Italia: la famiglia tra passato, presente e futuro&#8221;. Sabato 3 dicembre, presso l&#8217;oratorio San Lorenzo (Rorai Grande) di Pordenone, nell\u2019ambito delle manifestazioni della rassegna cinematografica \u201cGli occhi dell\u2019Africa\u201d, una serie di iniziative che si svolgeranno nell\u2019arco della giornata, per concludersi con una festa africana. Scopri il programma all&#8217;interno<\/p>\n","protected":false},"author":0,"featured_media":491,"comment_status":"closed","ping_status":"closed","sticky":false,"template":"","format":"standard","meta":{"_acf_changed":false,"footnotes":""},"categories":[5],"tags":[],"class_list":["post-490","post","type-post","status-publish","format-standard","has-post-thumbnail","hentry","category-altre-news"],"acf":{"seed-localization-paese-cod":"","seed-localization-address":"","seed-localization-citta":"","seed-localization-regione-cod-istat":"","seed-localization-citta-cod-istat":"","seed-localization-localita":"","seed-localization-cap":"","seed-localization-geo":{"lat":41.90552298770031,"lng":12.509441971778871,"zoom":10,"markers":[],"address":"","layers":["OpenStreetMap.Mapnik"]},"seed-localization-marker-visibility":false,"seed-localization-children-visibility":false,"seed-localization-kml":null,"seed-localization-custom-marker":null},"_links":{"self":[{"href":"https:\/\/diocesi.concordia-pordenone.it\/caritas\/wp-json\/wp\/v2\/posts\/490","targetHints":{"allow":["GET"]}}],"collection":[{"href":"https:\/\/diocesi.concordia-pordenone.it\/caritas\/wp-json\/wp\/v2\/posts"}],"about":[{"href":"https:\/\/diocesi.concordia-pordenone.it\/caritas\/wp-json\/wp\/v2\/types\/post"}],"author":[{"embeddable":true,"href":"https:\/\/diocesi.concordia-pordenone.it\/caritas\/wp-json\/wp\/v2\/users\/1"}],"replies":[{"embeddable":true,"href":"https:\/\/diocesi.concordia-pordenone.it\/caritas\/wp-json\/wp\/v2\/comments?post=490"}],"version-history":[{"count":0,"href":"https:\/\/diocesi.concordia-pordenone.it\/caritas\/wp-json\/wp\/v2\/posts\/490\/revisions"}],"wp:featuredmedia":[{"embeddable":true,"href":"https:\/\/diocesi.concordia-pordenone.it\/caritas\/wp-json\/wp\/v2\/media\/491"}],"wp:attachment":[{"href":"https:\/\/diocesi.concordia-pordenone.it\/caritas\/wp-json\/wp\/v2\/media?parent=490"}],"wp:term":[{"taxonomy":"category","embeddable":true,"href":"https:\/\/diocesi.concordia-pordenone.it\/caritas\/wp-json\/wp\/v2\/categories?post=490"},{"taxonomy":"post_tag","embeddable":true,"href":"https:\/\/diocesi.concordia-pordenone.it\/caritas\/wp-json\/wp\/v2\/tags?post=490"}],"curies":[{"name":"wp","href":"https:\/\/api.w.org\/{rel}","templated":true}]}}