{"id":496,"date":"2012-02-14T11:35:00","date_gmt":"2012-02-14T10:35:00","guid":{"rendered":"https:\/\/diocesi.concordia-pordenone.it\/caritas\/relazione-del-centro-di-ascolto-anno-2012\/"},"modified":"2012-02-14T11:35:00","modified_gmt":"2012-02-14T10:35:00","slug":"relazione-del-centro-di-ascolto-anno-2012","status":"publish","type":"post","link":"https:\/\/diocesi.concordia-pordenone.it\/caritas\/relazione-del-centro-di-ascolto-anno-2012\/","title":{"rendered":"Relazione del Centro di Ascolto &#8211; anno 2012"},"content":{"rendered":"<div><strong>Venerd\u00ec 1 marzo 2013, alle ore 11.30<\/strong>, presso l&#8217;<strong>Auditorium del Centro Pastorale Diocesano<\/strong> (Curia), a Pordenone in Via Revedole 1, si terr\u00e0 la relazione del Centro di Ascolto, sull&#8217;attivit\u00e0 dell&#8217;anno 2012.<\/div>\n<div>Sar\u00e0 presente il vescovo mons. Giuseppe Pellegrini.<\/div>\n<div>\u00a0<\/div>\n<div>\n<div>Il Centro di Ascolto \u00e8 lo strumento con cui la Caritas si propone di ascoltare e dare voce alle persone che si trovano in situazione di disagio e lo fa attraverso l\u2019accoglienza e l\u2019ascolto di ogni persona, ponendosi a fianco di ognuno con azioni di orientamento e accompagnamento.\u00a0Nell\u2019individuare le possibili azioni di aiuto \u00e8 consolidato il metodo del coinvolgimento del territorio, a partire dalle parrocchie e dai servizi sociali di base, nell\u2019ottica della promozione di azioni condivise, nel rispetto e nella valorizzazione di ruoli e competenze.<\/div>\n<\/div>\n<hr class=\"wpba_attachment_hr\">","protected":false},"excerpt":{"rendered":"<p>Venerd\u00ec 1 marzo, alle ore 11.30, presso l&#8217;Auditorium del Centro Pastorale Diocesano (Curia), a Pordenone in Via Revedole 1, si terr\u00e0 la relazione del Centro di Ascolto, sull&#8217;attivit\u00e0 dell&#8217;anno 2012. Sar\u00e0 presente il vescovo mons. Giuseppe Pellegrini<\/p>\n","protected":false},"author":0,"featured_media":497,"comment_status":"closed","ping_status":"closed","sticky":false,"template":"","format":"standard","meta":{"_acf_changed":false,"footnotes":""},"categories":[5],"tags":[],"class_list":["post-496","post","type-post","status-publish","format-standard","has-post-thumbnail","hentry","category-altre-news"],"acf":{"seed-localization-paese-cod":"","seed-localization-address":"","seed-localization-citta":"","seed-localization-regione-cod-istat":"","seed-localization-citta-cod-istat":"","seed-localization-localita":"","seed-localization-cap":"","seed-localization-geo":{"lat":41.90552298770031,"lng":12.509441971778871,"zoom":10,"markers":[],"address":"","layers":["OpenStreetMap.Mapnik"]},"seed-localization-marker-visibility":false,"seed-localization-children-visibility":false,"seed-localization-kml":null,"seed-localization-custom-marker":null},"_links":{"self":[{"href":"https:\/\/diocesi.concordia-pordenone.it\/caritas\/wp-json\/wp\/v2\/posts\/496","targetHints":{"allow":["GET"]}}],"collection":[{"href":"https:\/\/diocesi.concordia-pordenone.it\/caritas\/wp-json\/wp\/v2\/posts"}],"about":[{"href":"https:\/\/diocesi.concordia-pordenone.it\/caritas\/wp-json\/wp\/v2\/types\/post"}],"author":[{"embeddable":true,"href":"https:\/\/diocesi.concordia-pordenone.it\/caritas\/wp-json\/wp\/v2\/users\/1"}],"replies":[{"embeddable":true,"href":"https:\/\/diocesi.concordia-pordenone.it\/caritas\/wp-json\/wp\/v2\/comments?post=496"}],"version-history":[{"count":0,"href":"https:\/\/diocesi.concordia-pordenone.it\/caritas\/wp-json\/wp\/v2\/posts\/496\/revisions"}],"wp:featuredmedia":[{"embeddable":true,"href":"https:\/\/diocesi.concordia-pordenone.it\/caritas\/wp-json\/wp\/v2\/media\/497"}],"wp:attachment":[{"href":"https:\/\/diocesi.concordia-pordenone.it\/caritas\/wp-json\/wp\/v2\/media?parent=496"}],"wp:term":[{"taxonomy":"category","embeddable":true,"href":"https:\/\/diocesi.concordia-pordenone.it\/caritas\/wp-json\/wp\/v2\/categories?post=496"},{"taxonomy":"post_tag","embeddable":true,"href":"https:\/\/diocesi.concordia-pordenone.it\/caritas\/wp-json\/wp\/v2\/tags?post=496"}],"curies":[{"name":"wp","href":"https:\/\/api.w.org\/{rel}","templated":true}]}}