{"id":498,"date":"2012-02-24T11:35:00","date_gmt":"2012-02-24T10:35:00","guid":{"rendered":"https:\/\/diocesi.concordia-pordenone.it\/caritas\/online-la-relazione-del-centro-di-ascolto-anno-2011-2\/"},"modified":"2012-02-24T11:35:00","modified_gmt":"2012-02-24T10:35:00","slug":"online-la-relazione-del-centro-di-ascolto-anno-2011-2","status":"publish","type":"post","link":"https:\/\/diocesi.concordia-pordenone.it\/caritas\/online-la-relazione-del-centro-di-ascolto-anno-2011-2\/","title":{"rendered":"Online la relazione del Centro di Ascolto &#8211; anno 2011"},"content":{"rendered":"<div>\n<div>\n<div style=\"text-align: left\"><b>RELAZIONE 2011 DEL CENTRO D\u2019ASCOLTO CARITAS<\/b><\/div>\n<div style=\"text-align: left\"><b><i><strong>Calano le richieste in sede centrale<\/strong><\/i><\/b><\/div>\n<div style=\"text-align: left\"><b><i><strong>Si fortifica la rete dei punti di ascolto parrocchiali<\/strong><\/i><\/b><\/div>\n<div style=\"text-align: left\">\u00a0<\/div>\n<div style=\"text-align: left\">\n<div>La relazione del Centro d\u2019Ascolto Diocesano, come avviene ormai da 16 anni, prova a fornire una fotografia delle persone che con le loro storie di difficolt\u00e0 e di povert\u00e0 sono passate nel corso del 2011 presso la Caritas Diocesana.<\/div>\n<div>Il dato che colpisce, ad una prima lettura, \u00e8 il calo delle presenze nel Centro d\u2019Ascolto di via Martiri Concordiesi, il principale tra gli otto presenti nella diocesi. In parallelo per\u00f2 <strong>\u00e8 aumentata la presenza nei diversi punti d\u2019ascolto istituiti dalle parrocchie <\/strong>in modo capillare sul territorio diocesano, segno che sono questi spesso ad intercettare in prima battuta le situazioni di disagio quotidiano, consolidando le iniziative di solidariet\u00e0 all\u2019interno delle parrocchie, partite un anno fa. Al Centro d\u2019Ascolto della sede della Caritas fanno riferimento soprattutto i casi multiproblematici, quelli che necessitano di un percorso molto pi\u00f9 lungo per essere compresi e sostenuti nella loro complessit\u00e0.<\/div>\n<\/div>\n<\/div>\n<\/div>\n<hr class=\"wpba_attachment_hr\"><div id='wpba_attachment_list' class='wpba wpba-wrap'>\n<ul class='wpba-attachment-list unstyled'><li id='wpba_attachment_list_500' class='wpba-list-item pull-left'><img src='https:\/\/diocesi.concordia-pordenone.it\/caritas\/wp-content\/themes\/wp-starter-so\/icons\/document.png' width='16' height='20' class='wpba-icon pull-left'><a href='https:\/\/diocesi.concordia-pordenone.it\/caritas\/wp-content\/uploads\/sites\/3\/2021\/06\/relazione-cda-2011-1.pdf' title='relazione-cda-2011-1' class='wpba-link pull-left' target=\"_blank\">relazione-cda-2011-1<\/a><\/li>\n<\/ul><\/div>\n","protected":false},"excerpt":{"rendered":"<p>Venerd\u00ec 24 febbraio 2012 \u00e8 stata presentata la relazione del Centro di Ascolto, sull&#8217;attivit\u00e0 dell&#8217;anno 2011. La relazione del Centro d\u2019Ascolto Diocesano, come avviene ormai da 16 anni, prova a fornire una fotografia delle persone che con le loro storie di difficolt\u00e0 e di povert\u00e0 sono passate nel corso del 2011 presso la Caritas Diocesana.<\/p>\n","protected":false},"author":0,"featured_media":499,"comment_status":"closed","ping_status":"closed","sticky":false,"template":"","format":"standard","meta":{"_acf_changed":false,"footnotes":""},"categories":[5],"tags":[],"class_list":["post-498","post","type-post","status-publish","format-standard","has-post-thumbnail","hentry","category-altre-news"],"acf":{"seed-localization-paese-cod":"","seed-localization-address":"","seed-localization-citta":"","seed-localization-regione-cod-istat":"","seed-localization-citta-cod-istat":"","seed-localization-localita":"","seed-localization-cap":"","seed-localization-geo":{"lat":41.90552298770031,"lng":12.509441971778871,"zoom":10,"markers":[],"address":"","layers":["OpenStreetMap.Mapnik"]},"seed-localization-marker-visibility":false,"seed-localization-children-visibility":false,"seed-localization-kml":null,"seed-localization-custom-marker":null},"_links":{"self":[{"href":"https:\/\/diocesi.concordia-pordenone.it\/caritas\/wp-json\/wp\/v2\/posts\/498","targetHints":{"allow":["GET"]}}],"collection":[{"href":"https:\/\/diocesi.concordia-pordenone.it\/caritas\/wp-json\/wp\/v2\/posts"}],"about":[{"href":"https:\/\/diocesi.concordia-pordenone.it\/caritas\/wp-json\/wp\/v2\/types\/post"}],"author":[{"embeddable":true,"href":"https:\/\/diocesi.concordia-pordenone.it\/caritas\/wp-json\/wp\/v2\/users\/1"}],"replies":[{"embeddable":true,"href":"https:\/\/diocesi.concordia-pordenone.it\/caritas\/wp-json\/wp\/v2\/comments?post=498"}],"version-history":[{"count":0,"href":"https:\/\/diocesi.concordia-pordenone.it\/caritas\/wp-json\/wp\/v2\/posts\/498\/revisions"}],"wp:featuredmedia":[{"embeddable":true,"href":"https:\/\/diocesi.concordia-pordenone.it\/caritas\/wp-json\/wp\/v2\/media\/499"}],"wp:attachment":[{"href":"https:\/\/diocesi.concordia-pordenone.it\/caritas\/wp-json\/wp\/v2\/media?parent=498"}],"wp:term":[{"taxonomy":"category","embeddable":true,"href":"https:\/\/diocesi.concordia-pordenone.it\/caritas\/wp-json\/wp\/v2\/categories?post=498"},{"taxonomy":"post_tag","embeddable":true,"href":"https:\/\/diocesi.concordia-pordenone.it\/caritas\/wp-json\/wp\/v2\/tags?post=498"}],"curies":[{"name":"wp","href":"https:\/\/api.w.org\/{rel}","templated":true}]}}