{"id":51,"date":"2011-09-28T09:43:00","date_gmt":"2011-09-28T07:43:00","guid":{"rendered":"https:\/\/diocesi.concordia-pordenone.it\/caritas\/udienza-dal-santo-padre\/"},"modified":"2011-09-28T09:43:00","modified_gmt":"2011-09-28T07:43:00","slug":"udienza-dal-santo-padre","status":"publish","type":"post","link":"https:\/\/diocesi.concordia-pordenone.it\/caritas\/udienza-dal-santo-padre\/","title":{"rendered":"Udienza dal Santo Padre"},"content":{"rendered":"<div><strong>In udienza dal Santo Padre per il 40\u00b0 anniversario di Caritas Italiana<\/strong><\/div>\n<div><strong>Roma, 24 novembre 2011<\/strong><\/div>\n<div>\u00a0<\/div>\n<div>In occasione del 40\u00b0 anniversario di Caritas Italiana, gioved\u00ec 24 novembre, nella Basilica di San Pietro, vi sar\u00e0 l&#8217;udienza del Santo Padre, aperta a tutte le espressioni della carit\u00e0 della Chiesa.<\/div>\n<div>\u00a0<\/div>\n<div>La mattinata prevede:<\/div>\n<div>\u00a0<\/div>\n<div>&#8211; ore 10.30: Celebrazione eucaristica, presieduta da S. Em.za Card. Angelo Bagnasco<\/div>\n<div>&#8211; ore 12.00: Udienza del santo Padre Benedetto XVI<\/div>\n<div>\u00a0<\/div>\n<div>\u00a0<\/div>\n<div>La Caritas diocesana di Concordia-Pordenone organizza un viaggio a Roma dal 23 al 25 novembre, aperto a tutti i volontari Caritas della nostra diocesi. Scarica il programma dettagliato a fondo pagina.<\/div>\n<div>\u00a0<\/div>\n<div>\n<div><strong>ISCRIZIONI ENTRO IL 10 OTTOBRE <\/strong><\/div>\n<div>\u00a0<\/div>\n<div>Rivolgersi alla segreteria generale della Caritas diocesana<\/div>\n<div>Via Martiri Concordiesi,\u00a02 &#8211;\u00a0Pordenone<\/div>\n<div>Tel. 0434 221222\/221260<\/div>\n<div>Email: caritas(@)diocesiconcordiapordenone.it<\/div>\n<\/div>\n<hr class=\"wpba_attachment_hr\"><div id='wpba_attachment_list' class='wpba wpba-wrap'>\n<ul class='wpba-attachment-list unstyled'><li id='wpba_attachment_list_53' class='wpba-list-item pull-left'><img src='https:\/\/diocesi.concordia-pordenone.it\/caritas\/wp-content\/themes\/wp-starter-so\/icons\/document.png' width='16' height='20' class='wpba-icon pull-left'><a href='https:\/\/diocesi.concordia-pordenone.it\/caritas\/wp-content\/uploads\/sites\/3\/2021\/06\/NOVEMBRE-23-25-ROMA-udienza-santo-padre.pdf' title='NOVEMBRE-23-25-ROMA-udienza-santo-padre' class='wpba-link pull-left' target=\"_blank\">NOVEMBRE-23-25-ROMA-udienza-santo-padre<\/a><\/li>\n<\/ul><\/div>\n","protected":false},"excerpt":{"rendered":"<p>Sono ancora aperte le iscrizioni al viaggio a Roma dal 23 al 25 novembre, per parteciapre all&#8217;udienza col Santo Padre di gioved\u00ec 24 novembre, in occasione del 40\u00b0 anniversario di Caritas Italiana. Clicca per maggiori informazioni e per scaricare il programma<\/p>\n","protected":false},"author":0,"featured_media":52,"comment_status":"closed","ping_status":"closed","sticky":false,"template":"","format":"standard","meta":{"_acf_changed":false,"footnotes":""},"categories":[4],"tags":[],"class_list":["post-51","post","type-post","status-publish","format-standard","has-post-thumbnail","hentry","category-news-in-primo-piano"],"acf":{"seed-localization-paese-cod":"","seed-localization-address":"","seed-localization-citta":"","seed-localization-regione-cod-istat":"","seed-localization-citta-cod-istat":"","seed-localization-localita":"","seed-localization-cap":"","seed-localization-geo":{"lat":41.90552298770031,"lng":12.509441971778871,"zoom":10,"markers":[],"address":"","layers":["OpenStreetMap.Mapnik"]},"seed-localization-marker-visibility":false,"seed-localization-children-visibility":false,"seed-localization-kml":null,"seed-localization-custom-marker":null},"_links":{"self":[{"href":"https:\/\/diocesi.concordia-pordenone.it\/caritas\/wp-json\/wp\/v2\/posts\/51","targetHints":{"allow":["GET"]}}],"collection":[{"href":"https:\/\/diocesi.concordia-pordenone.it\/caritas\/wp-json\/wp\/v2\/posts"}],"about":[{"href":"https:\/\/diocesi.concordia-pordenone.it\/caritas\/wp-json\/wp\/v2\/types\/post"}],"author":[{"embeddable":true,"href":"https:\/\/diocesi.concordia-pordenone.it\/caritas\/wp-json\/wp\/v2\/users\/1"}],"replies":[{"embeddable":true,"href":"https:\/\/diocesi.concordia-pordenone.it\/caritas\/wp-json\/wp\/v2\/comments?post=51"}],"version-history":[{"count":0,"href":"https:\/\/diocesi.concordia-pordenone.it\/caritas\/wp-json\/wp\/v2\/posts\/51\/revisions"}],"wp:featuredmedia":[{"embeddable":true,"href":"https:\/\/diocesi.concordia-pordenone.it\/caritas\/wp-json\/wp\/v2\/media\/52"}],"wp:attachment":[{"href":"https:\/\/diocesi.concordia-pordenone.it\/caritas\/wp-json\/wp\/v2\/media?parent=51"}],"wp:term":[{"taxonomy":"category","embeddable":true,"href":"https:\/\/diocesi.concordia-pordenone.it\/caritas\/wp-json\/wp\/v2\/categories?post=51"},{"taxonomy":"post_tag","embeddable":true,"href":"https:\/\/diocesi.concordia-pordenone.it\/caritas\/wp-json\/wp\/v2\/tags?post=51"}],"curies":[{"name":"wp","href":"https:\/\/api.w.org\/{rel}","templated":true}]}}