{"id":529,"date":"2012-10-17T14:28:00","date_gmt":"2012-10-17T12:28:00","guid":{"rendered":"https:\/\/diocesi.concordia-pordenone.it\/caritas\/giornata-internazionale-di-lotta-alla-poverta\/"},"modified":"2012-10-17T14:28:00","modified_gmt":"2012-10-17T12:28:00","slug":"giornata-internazionale-di-lotta-alla-poverta","status":"publish","type":"post","link":"https:\/\/diocesi.concordia-pordenone.it\/caritas\/giornata-internazionale-di-lotta-alla-poverta\/","title":{"rendered":"Giornata internazionale di lotta alla povert\u00e0"},"content":{"rendered":"<div>Il 17 ottobre\u00a0si celebra la <strong>Giornata internazionale di lotta alla povert\u00e0<\/strong>.<\/div>\n<div>In questa occasione Caritas Italiana\u00a0ha presentato il nuovo Rapporto su povert\u00e0 ed esclusione sociale in Italia, dal titolo I ripartenti. Povert\u00e0 croniche e inedite. Percorsi di risalita nella stagione della crisi.<\/div>\n<div>Al suo interno sono riportati i dati del fenomeno provenienti dalle 220 Caritas diocesane, le principali tendenze di mutamento, i percorsi di presa in carico delle persone, i progetti anti-crisi economica delle diocesi, la mappa dei servizi socio-assistenziali delle chiese locali e i dati sul \u201cPrestito della Speranza&#8221;.<\/div>\n<div>\u00a0<\/div>\n<div>Per approfondire vai al sito di Caritas Italiana, dove \u00e8 disponibile il rapporto in versione integrale, insieme a un d\u00e9pliant di sintesi.<\/div>\n<hr class=\"wpba_attachment_hr\">","protected":false},"excerpt":{"rendered":"<p>Il 17 ottobre si celebra la Giornata internazionale di lotta alla povert\u00e0. In questa occasione Caritas Italiana ha presentato il nuovo Rapporto su povert\u00e0 ed esclusione sociale in Italia, dal titolo &#8220;I ripartenti. Povert\u00e0 croniche e inedite. Percorsi di risalita nella stagione della crisi&#8221;<\/p>\n","protected":false},"author":0,"featured_media":530,"comment_status":"closed","ping_status":"closed","sticky":false,"template":"","format":"standard","meta":{"_acf_changed":false,"footnotes":""},"categories":[5],"tags":[],"class_list":["post-529","post","type-post","status-publish","format-standard","has-post-thumbnail","hentry","category-altre-news"],"acf":{"seed-localization-paese-cod":"","seed-localization-address":"","seed-localization-citta":"","seed-localization-regione-cod-istat":"","seed-localization-citta-cod-istat":"","seed-localization-localita":"","seed-localization-cap":"","seed-localization-geo":{"lat":41.90552298770031,"lng":12.509441971778871,"zoom":10,"markers":[],"address":"","layers":["OpenStreetMap.Mapnik"]},"seed-localization-marker-visibility":false,"seed-localization-children-visibility":false,"seed-localization-kml":null,"seed-localization-custom-marker":null},"_links":{"self":[{"href":"https:\/\/diocesi.concordia-pordenone.it\/caritas\/wp-json\/wp\/v2\/posts\/529","targetHints":{"allow":["GET"]}}],"collection":[{"href":"https:\/\/diocesi.concordia-pordenone.it\/caritas\/wp-json\/wp\/v2\/posts"}],"about":[{"href":"https:\/\/diocesi.concordia-pordenone.it\/caritas\/wp-json\/wp\/v2\/types\/post"}],"author":[{"embeddable":true,"href":"https:\/\/diocesi.concordia-pordenone.it\/caritas\/wp-json\/wp\/v2\/users\/1"}],"replies":[{"embeddable":true,"href":"https:\/\/diocesi.concordia-pordenone.it\/caritas\/wp-json\/wp\/v2\/comments?post=529"}],"version-history":[{"count":0,"href":"https:\/\/diocesi.concordia-pordenone.it\/caritas\/wp-json\/wp\/v2\/posts\/529\/revisions"}],"wp:featuredmedia":[{"embeddable":true,"href":"https:\/\/diocesi.concordia-pordenone.it\/caritas\/wp-json\/wp\/v2\/media\/530"}],"wp:attachment":[{"href":"https:\/\/diocesi.concordia-pordenone.it\/caritas\/wp-json\/wp\/v2\/media?parent=529"}],"wp:term":[{"taxonomy":"category","embeddable":true,"href":"https:\/\/diocesi.concordia-pordenone.it\/caritas\/wp-json\/wp\/v2\/categories?post=529"},{"taxonomy":"post_tag","embeddable":true,"href":"https:\/\/diocesi.concordia-pordenone.it\/caritas\/wp-json\/wp\/v2\/tags?post=529"}],"curies":[{"name":"wp","href":"https:\/\/api.w.org\/{rel}","templated":true}]}}