{"id":532,"date":"2012-11-25T12:42:00","date_gmt":"2012-11-25T11:42:00","guid":{"rendered":"https:\/\/diocesi.concordia-pordenone.it\/caritas\/avvento-natale-2012-2\/"},"modified":"2012-11-25T12:42:00","modified_gmt":"2012-11-25T11:42:00","slug":"avvento-natale-2012-2","status":"publish","type":"post","link":"https:\/\/diocesi.concordia-pordenone.it\/caritas\/avvento-natale-2012-2\/","title":{"rendered":"Avvento-Natale 2012"},"content":{"rendered":"<div>\n<div><strong><strong>\u00c8 IL SIGNORE CHE NASCE<\/strong><\/strong><\/div>\n<div>\u00a0<\/div>\n<div>Scarica a fondo pagina il depliant con le tre proposte di solidariet\u00e0 per questo Avvento-Natale<\/div>\n<div>\u00a0<\/div>\n<div>\n<div><strong>1. NASCE POVERO<\/strong><\/div>\n<div>Accogliamo il Signore che nasce povero, piccolo,\u00a0bisognoso di cure\u00a0e attenzioni, accorgendoci e occupandoci di chi nella nostra comunit\u00e0 parrocchiale \u00e8 pi\u00f9 povero e in difficolt\u00e0.<\/div>\n<div>Sosteniamo le attivit\u00e0 della Caritas, volto di una Chiesa capace di prossimit\u00e0 e vicinanza, di accoglienza e solidariet\u00e0.<\/div>\n<div>\u00a0<\/div>\n<div><strong>Proposte concrete:<\/strong><\/div>\n<div><strong>&#8211; raccolta fondi per la Caritas<\/strong><\/div>\n<div><strong>&#8211; dedicare tempo per le attivit\u00e0 della Caritas parrocchiale<\/strong><\/div>\n<div>\u00a0<\/div>\n<div>\u00a0<\/div>\n<div><strong>2. NASCE DA UNA DONNA<\/strong><\/div>\n<div>Rivolgiamo uno sguardo speciale alle donne, in particolare a quelle che soffrono perch\u00e9 sole, a quelle che vivono maternit\u00e0 difficili, a chi subisce violenze e abbandono.<\/div>\n<div>Approfondiamo la problematica del disagio delle donne, ancora oggi\u00a0protagoniste di storie di sofferenza e sopraffazione.<\/div>\n<div>\u00a0<\/div>\n<div><strong>Proposta concreta:<\/strong><\/div>\n<div><strong>&#8211; promuoviamo in parrocchia incontri di conoscenza e sensibilizzazione<\/strong><\/div>\n<div>\u00a0<\/div>\n<div>\u00a0<\/div>\n<div><strong>3. NASCE LONTANO<\/strong><\/div>\n<div>Siamo chiamati a muoverci per andare incontro al Signore che nasce, riconosciamolo presente nei fratelli vicini, ma anche in quelli lontani da noi e che vivono in condizioni di sofferenza.<\/div>\n<div>Sosteniamo il progetto della Diocesi di sostegno alla Comunit\u00e0 cattolica di Valjevo (Serbia).<\/div>\n<div>\u00a0<\/div>\n<div><strong>Proposta concreta:<\/strong><\/div>\n<div><strong>&#8211; raccolta fondi per sostegni a distanza a Valjevo-Serbia<\/strong><\/div>\n<div>\u00a0<\/div>\n<div>\u00a0<\/div>\n<div>Per contribuire:<\/div>\n<div>\u00a0<\/div>\n<div>\n<div style=\"text-align: left\"><b>CONTO CORRENTE POSTALE:<\/b><\/div>\n<div style=\"text-align: left\">n.\u00b0 11507597<\/div>\n<div style=\"text-align: left\">\u00a0<\/div>\n<div style=\"text-align: left\"><b>VERSAMENTO IN BANCA:<\/b><\/div>\n<div style=\"text-align: left\"><b>Banca Popolare FriulAdria Sede PN<\/b><\/div>\n<div style=\"text-align: left\">IT 09 E 05336 12500 000040301561<\/div>\n<div style=\"text-align: left\"><b>Banca Popolare Etica<\/b><\/div>\n<div style=\"text-align: left\">IT 22 M 05018 12000 000000105618<\/div>\n<div style=\"text-align: left\">\u00a0<\/div>\n<div style=\"text-align: left\">intestati a<\/div>\n<div style=\"text-align: left\"><b>Caritas Diocesana di<\/b><\/div>\n<div style=\"text-align: left\"><b>Concordia-Pordenone<\/b><\/div>\n<div style=\"text-align: left\"><b>Via Revedole, 1<\/b><\/div>\n<div style=\"text-align: left\"><b>33170 Pordenone<\/b><\/div>\n<\/div>\n<div>\u00a0<\/div>\n<div>Per informazioni e adesioni:<\/div>\n<div>Caritas Diocesana di Concordia-Pordenone &#8211; Via Martiri Concordiesi, 2 (PN)<\/div>\n<div>Orario: dal luned\u00ec al venerd\u00ec\u00a0ore 9.00-12.00 e 15.00-17.00<\/div>\n<div>\n<div>tel 0434-221222<\/div>\n<p>caritas(@)diocesiconcordiapordenone.it<\/p><\/div>\n<\/div>\n<\/div>\n<hr class=\"wpba_attachment_hr\"><div id='wpba_attachment_list' class='wpba wpba-wrap'>\n<ul class='wpba-attachment-list unstyled'><li id='wpba_attachment_list_534' class='wpba-list-item pull-left'><img src='https:\/\/diocesi.concordia-pordenone.it\/caritas\/wp-content\/themes\/wp-starter-so\/icons\/document.png' width='16' height='20' class='wpba-icon pull-left'><a href='https:\/\/diocesi.concordia-pordenone.it\/caritas\/wp-content\/uploads\/sites\/3\/2021\/06\/depliant-avvento-2012-1.pdf' title='depliant-avvento-2012-1' class='wpba-link pull-left' target=\"_blank\">depliant-avvento-2012-1<\/a><\/li>\n<\/ul><\/div>\n","protected":false},"excerpt":{"rendered":"<p>\u00c8 IL SIGNORE CHE NASCE: nasce povero, nasce da una donna, nasce lontano. Entra nella pagina e scarica il depliant con le tre proposte di solidariet\u00e0 per questo Avvento-Natale<\/p>\n","protected":false},"author":0,"featured_media":533,"comment_status":"closed","ping_status":"closed","sticky":false,"template":"","format":"standard","meta":{"_acf_changed":false,"footnotes":""},"categories":[5],"tags":[],"class_list":["post-532","post","type-post","status-publish","format-standard","has-post-thumbnail","hentry","category-altre-news"],"acf":{"seed-localization-paese-cod":"","seed-localization-address":"","seed-localization-citta":"","seed-localization-regione-cod-istat":"","seed-localization-citta-cod-istat":"","seed-localization-localita":"","seed-localization-cap":"","seed-localization-geo":{"lat":41.90552298770031,"lng":12.509441971778871,"zoom":10,"markers":[],"address":"","layers":["OpenStreetMap.Mapnik"]},"seed-localization-marker-visibility":false,"seed-localization-children-visibility":false,"seed-localization-kml":null,"seed-localization-custom-marker":null},"_links":{"self":[{"href":"https:\/\/diocesi.concordia-pordenone.it\/caritas\/wp-json\/wp\/v2\/posts\/532","targetHints":{"allow":["GET"]}}],"collection":[{"href":"https:\/\/diocesi.concordia-pordenone.it\/caritas\/wp-json\/wp\/v2\/posts"}],"about":[{"href":"https:\/\/diocesi.concordia-pordenone.it\/caritas\/wp-json\/wp\/v2\/types\/post"}],"author":[{"embeddable":true,"href":"https:\/\/diocesi.concordia-pordenone.it\/caritas\/wp-json\/wp\/v2\/users\/1"}],"replies":[{"embeddable":true,"href":"https:\/\/diocesi.concordia-pordenone.it\/caritas\/wp-json\/wp\/v2\/comments?post=532"}],"version-history":[{"count":0,"href":"https:\/\/diocesi.concordia-pordenone.it\/caritas\/wp-json\/wp\/v2\/posts\/532\/revisions"}],"wp:featuredmedia":[{"embeddable":true,"href":"https:\/\/diocesi.concordia-pordenone.it\/caritas\/wp-json\/wp\/v2\/media\/533"}],"wp:attachment":[{"href":"https:\/\/diocesi.concordia-pordenone.it\/caritas\/wp-json\/wp\/v2\/media?parent=532"}],"wp:term":[{"taxonomy":"category","embeddable":true,"href":"https:\/\/diocesi.concordia-pordenone.it\/caritas\/wp-json\/wp\/v2\/categories?post=532"},{"taxonomy":"post_tag","embeddable":true,"href":"https:\/\/diocesi.concordia-pordenone.it\/caritas\/wp-json\/wp\/v2\/tags?post=532"}],"curies":[{"name":"wp","href":"https:\/\/api.w.org\/{rel}","templated":true}]}}