{"id":540,"date":"2012-11-28T10:08:00","date_gmt":"2012-11-28T09:08:00","guid":{"rendered":"https:\/\/diocesi.concordia-pordenone.it\/caritas\/santa-messa-di-natale-con-il-vescovo\/"},"modified":"2012-11-28T10:08:00","modified_gmt":"2012-11-28T09:08:00","slug":"santa-messa-di-natale-con-il-vescovo","status":"publish","type":"post","link":"https:\/\/diocesi.concordia-pordenone.it\/caritas\/santa-messa-di-natale-con-il-vescovo\/","title":{"rendered":"Santa Messa di Natale con il Vescovo"},"content":{"rendered":"<div>Luned\u00ec 10 dicembre\u00a0alle ore 16.00, presso la\u00a0Cappella del Centro Attivit\u00e0 Pastorali (Pordenone, via\u00a0Revedole 1)\u00a0si terr\u00e0 la Santa Messa di Natale, presieduta da\u00a0S.E. Mons. Giuseppe Pellegrini, rivolta ai volontari e agli operatori della Caritas diocesana e delle Caritas\u00a0parrocchiali.<\/div>\n<div>Sar\u00e0 anche l&#8217;occasione per uno scambio di auguri di Natale.<\/div>\n<div>\u00a0<\/div>\n<hr class=\"wpba_attachment_hr\">","protected":false},"excerpt":{"rendered":"<p>Luned\u00ec 10 dicembre alle ore 16.00, presso la Cappella del Centro Attivit\u00e0 Pastorali (Pordenone, via Revedole 1) si terr\u00e0 la Santa Messa di Natale, presieduta da S.E. Mons. Giuseppe Pellegrini, rivolta ai volontari e agli operatori della Caritas diocesana e delle Caritas parrocchiali.<br \/>\nSar\u00e0 anche l&#8217;occasione per uno scambio di auguri di Natale<\/p>\n","protected":false},"author":0,"featured_media":541,"comment_status":"closed","ping_status":"closed","sticky":false,"template":"","format":"standard","meta":{"_acf_changed":false,"footnotes":""},"categories":[5],"tags":[],"class_list":["post-540","post","type-post","status-publish","format-standard","has-post-thumbnail","hentry","category-altre-news"],"acf":{"seed-localization-paese-cod":"","seed-localization-address":"","seed-localization-citta":"","seed-localization-regione-cod-istat":"","seed-localization-citta-cod-istat":"","seed-localization-localita":"","seed-localization-cap":"","seed-localization-geo":{"lat":41.90552298770031,"lng":12.509441971778871,"zoom":10,"markers":[],"address":"","layers":["OpenStreetMap.Mapnik"]},"seed-localization-marker-visibility":false,"seed-localization-children-visibility":false,"seed-localization-kml":null,"seed-localization-custom-marker":null},"_links":{"self":[{"href":"https:\/\/diocesi.concordia-pordenone.it\/caritas\/wp-json\/wp\/v2\/posts\/540","targetHints":{"allow":["GET"]}}],"collection":[{"href":"https:\/\/diocesi.concordia-pordenone.it\/caritas\/wp-json\/wp\/v2\/posts"}],"about":[{"href":"https:\/\/diocesi.concordia-pordenone.it\/caritas\/wp-json\/wp\/v2\/types\/post"}],"author":[{"embeddable":true,"href":"https:\/\/diocesi.concordia-pordenone.it\/caritas\/wp-json\/wp\/v2\/users\/1"}],"replies":[{"embeddable":true,"href":"https:\/\/diocesi.concordia-pordenone.it\/caritas\/wp-json\/wp\/v2\/comments?post=540"}],"version-history":[{"count":0,"href":"https:\/\/diocesi.concordia-pordenone.it\/caritas\/wp-json\/wp\/v2\/posts\/540\/revisions"}],"wp:featuredmedia":[{"embeddable":true,"href":"https:\/\/diocesi.concordia-pordenone.it\/caritas\/wp-json\/wp\/v2\/media\/541"}],"wp:attachment":[{"href":"https:\/\/diocesi.concordia-pordenone.it\/caritas\/wp-json\/wp\/v2\/media?parent=540"}],"wp:term":[{"taxonomy":"category","embeddable":true,"href":"https:\/\/diocesi.concordia-pordenone.it\/caritas\/wp-json\/wp\/v2\/categories?post=540"},{"taxonomy":"post_tag","embeddable":true,"href":"https:\/\/diocesi.concordia-pordenone.it\/caritas\/wp-json\/wp\/v2\/tags?post=540"}],"curies":[{"name":"wp","href":"https:\/\/api.w.org\/{rel}","templated":true}]}}