{"id":547,"date":"2012-12-18T10:52:00","date_gmt":"2012-12-18T09:52:00","guid":{"rendered":"https:\/\/diocesi.concordia-pordenone.it\/caritas\/scuola-di-san-felice-sul-panaro\/"},"modified":"2012-12-18T10:52:00","modified_gmt":"2012-12-18T09:52:00","slug":"scuola-di-san-felice-sul-panaro","status":"publish","type":"post","link":"https:\/\/diocesi.concordia-pordenone.it\/caritas\/scuola-di-san-felice-sul-panaro\/","title":{"rendered":"Scuola di San Felice sul Panaro"},"content":{"rendered":"<div>\n<div>\u201c<i>Oggi dimostriamo che c\u2019\u00e8 un\u2019altra Italia, diversa da quella degli scandali e degli sprechi, fatta di solidariet\u00e0 e partecipazione<\/i>\u201d. Forse sta tutta in queste parole pronunciate da uno dei numerosi sindaci presenti, la sintesi della giornata vissuta a S. Felice sul Panaro, in\u00a0occasione dell\u2019inaugurazione della sede ristrutturata e messa a norma della Scuola dell\u2019infanzia \u201cCaduti per la Patria\u201d, danneggiata e resa inagibile dal sisma dello scorso maggio.<\/div>\n<div>Nel cortile della scuola c\u2019era infatti uno spaccato dell\u2019Italia forse pi\u00f9 sincera: oltre ai bambini e i loro genitori, al personale, alle suore che dirigono la struttura e al direttivo della stessa, anche sindaci e rappresentanti di diverse regioni, gruppi di volontariato, enti, gruppi famiglie, persino una scuola de L\u2019Aquila. Tutti soggetti che hanno in qualche modo concorso a dare la possibilit\u00e0 ad una buona parte delle famiglie di S. Felice (140 i bambini iscritti alla scuola) di ricominciare a vivere normalmente, attraverso la ripresa (a tempi record) di un servizio essenziale quale quello della scuola materna.<\/div>\n<div>Tra questi la Delegazione Caritas Nordest (rappresentata dal direttore della Caritas di Trento Roberto Calz\u00e0), che \u00e8 intervenuta in modo \u201cdeciso e preciso\u201d, permettendo la posa in opera in tempi brevissimi, grazie ad una ditta di Bolzano, di due prefabbricati per la didattica e per alloggiare provvisoriamente le suore (per un totale di 60mila euro) a cui \u00e8 seguito il contributo economico per i lavori di adeguamento antisismico (altri 130mila euro).<\/div>\n<div>\u201c<i>Da parte delle 15 Caritas del Triveneto \u2013 <\/i>ha affermato Calz\u00e0 nel suo saluto, portato anche a nome dell\u2019Arcivescovo di Trento<i> &#8211; \u00e8 stato facile decidere di sostenere questo intervento perch\u00e9, oltre a favorire il ritorno alla normalit\u00e0, si trattava di investire sul futuro, che sono questi bambini e le loro famiglie.\u201d<\/i><\/div>\n<div>Il presidente della Scuola e altre autorit\u00e0 locali hanno inoltre sottolineato come il tornare ad aprire una scuola non sia solo una questione funzionale e di ripresa di un ritmo di vita ma anche, se non soprattutto, la possibilit\u00e0 di riallacciare quelle relazioni tra famiglie che il terremoto aveva in qualche modo interrotto e che alla fine risultano decisive anche per una ricostruzione umana e sociale di una comunit\u00e0.<\/div>\n<div>Molti i bambini davvero entusiasti di esser tornati nella scuola, ma soprattutto soddisfatti i genitori e il direttivo che hanno lavorato con dedizione e, pur nella preoccupazione dei primi momenti (l\u2019intervento complessivo di oltre 200mila euro avrebbe spaventato chiunque, tenendo conto anche che la scuola non \u00e8 pubblica), si sono sentiti incentivati a proseguire dalle numerose visite e dai numerosi attestati di solidariet\u00e0 ricevuti in questi mesi.<\/div>\n<div>Dopo l\u2019inaugurazione i benefattori sono stati ringraziati con un pranzo organizzato nel locale oratorio, anch\u2019esso lesionato ma reso gi\u00e0 agibile, e con un attestato per l\u2019impegno dei confronti della scuola materna.<\/div>\n<div>La Delegazione Caritas del Nordest sta ora valutando la possibilit\u00e0 di intervenire con altri fondi in provincia di Rovigo, dove il terremoto ha duramente colpito diverse strutture parrocchiali che necessitano di essere rese disponibili per la ripresa delle normali attivit\u00e0 delle comunit\u00e0.<\/div>\n<\/div>\n<hr class=\"wpba_attachment_hr\">","protected":false},"excerpt":{"rendered":"<p>L\u2019inaugurazione della sede ristrutturata e messa a norma della Scuola dell\u2019infanzia \u201cCaduti per la Patria\u201d, danneggiata e resa inagibile dal sisma di maggio 2012<\/p>\n","protected":false},"author":0,"featured_media":548,"comment_status":"closed","ping_status":"closed","sticky":false,"template":"","format":"standard","meta":{"_acf_changed":false,"footnotes":""},"categories":[5],"tags":[],"class_list":["post-547","post","type-post","status-publish","format-standard","has-post-thumbnail","hentry","category-altre-news"],"acf":{"seed-localization-paese-cod":"","seed-localization-address":"","seed-localization-citta":"","seed-localization-regione-cod-istat":"","seed-localization-citta-cod-istat":"","seed-localization-localita":"","seed-localization-cap":"","seed-localization-geo":{"lat":41.90552298770031,"lng":12.509441971778871,"zoom":10,"markers":[],"address":"","layers":["OpenStreetMap.Mapnik"]},"seed-localization-marker-visibility":false,"seed-localization-children-visibility":false,"seed-localization-kml":null,"seed-localization-custom-marker":null},"_links":{"self":[{"href":"https:\/\/diocesi.concordia-pordenone.it\/caritas\/wp-json\/wp\/v2\/posts\/547","targetHints":{"allow":["GET"]}}],"collection":[{"href":"https:\/\/diocesi.concordia-pordenone.it\/caritas\/wp-json\/wp\/v2\/posts"}],"about":[{"href":"https:\/\/diocesi.concordia-pordenone.it\/caritas\/wp-json\/wp\/v2\/types\/post"}],"author":[{"embeddable":true,"href":"https:\/\/diocesi.concordia-pordenone.it\/caritas\/wp-json\/wp\/v2\/users\/1"}],"replies":[{"embeddable":true,"href":"https:\/\/diocesi.concordia-pordenone.it\/caritas\/wp-json\/wp\/v2\/comments?post=547"}],"version-history":[{"count":0,"href":"https:\/\/diocesi.concordia-pordenone.it\/caritas\/wp-json\/wp\/v2\/posts\/547\/revisions"}],"wp:featuredmedia":[{"embeddable":true,"href":"https:\/\/diocesi.concordia-pordenone.it\/caritas\/wp-json\/wp\/v2\/media\/548"}],"wp:attachment":[{"href":"https:\/\/diocesi.concordia-pordenone.it\/caritas\/wp-json\/wp\/v2\/media?parent=547"}],"wp:term":[{"taxonomy":"category","embeddable":true,"href":"https:\/\/diocesi.concordia-pordenone.it\/caritas\/wp-json\/wp\/v2\/categories?post=547"},{"taxonomy":"post_tag","embeddable":true,"href":"https:\/\/diocesi.concordia-pordenone.it\/caritas\/wp-json\/wp\/v2\/tags?post=547"}],"curies":[{"name":"wp","href":"https:\/\/api.w.org\/{rel}","templated":true}]}}