{"id":569,"date":"2013-05-28T16:50:00","date_gmt":"2013-05-28T14:50:00","guid":{"rendered":"https:\/\/diocesi.concordia-pordenone.it\/caritas\/campo-estivo-di-servizio-per-giovani\/"},"modified":"2013-05-28T16:50:00","modified_gmt":"2013-05-28T14:50:00","slug":"campo-estivo-di-servizio-per-giovani","status":"publish","type":"post","link":"https:\/\/diocesi.concordia-pordenone.it\/caritas\/campo-estivo-di-servizio-per-giovani\/","title":{"rendered":"Campo estivo di servizio per giovani"},"content":{"rendered":"<div>\n<div><strong>DOVE?<\/strong><\/div>\n<div>In Serbia a Valjevo, a circa 90 km a sud ovest di Belgrado<\/div>\n<div>\u00a0<\/div>\n<div><strong>QUANDO?<\/strong><\/div>\n<div>Dal 4 al 14 agosto 2013<\/div>\n<div>\u00a0<\/div>\n<div><strong>CHI?<\/strong><\/div>\n<div>Giovani maggiorenni<\/div>\n<div>\u00a0<\/div>\n<div><strong>PERCH\u00c9?<\/strong><\/div>\n<div>Per conoscere una realt\u00e0 segnata dalla guerra dei Balcani, una diversa cultura e il lavoro di una piccola Caritas locale, con la quale la Caritas diocesana collabora ormai da diversi anni<\/div>\n<div>\u00a0<\/div>\n<div><strong>COSA?<\/strong><\/div>\n<div>Ci saranno momenti di animazione ed attivit\u00e0 con bambini della citt\u00e0 nel parco cittadino, alternato al supporto all\u2019attivit\u00e0 del Centro di Ascolto Caritas, visitando persone che vivono in estrema povert\u00e0 e disagio, e aiutandole a sistemare e tinteggiare le abitazioni<\/div>\n<div>\u00a0<\/div>\n<div><strong>MOMENTI FORMATIVI?<\/strong><\/div>\n<div>Sono previsti alcuni momenti formativi prima del viaggio, su due ambiti:<\/div>\n<div>a.1. Presentazione della proposta e illustrazione delle attivit\u00e0 della Caritas diocesana<\/div>\n<div>a.2. Informazione sul contesto culturale e storico della Serbia<\/div>\n<div>b. Incontri con un fotografo professionista per apprendere alcune nozioni tecniche: durante il campo, infatti, sar\u00e0 richiesto di scattare fotografie per allestire una mostra al rientro<\/div>\n<div>\u00a0<\/div>\n<div><strong>COSTI?<\/strong><\/div>\n<div>Coperti dalla Caritas diocesana, A PARTE IL VITTO, che \u00e8 a carico dei partecipanti: verr\u00e0 costituito un fondo cassa attraverso il versamento di circa 70 euro a partecipante<\/div>\n<div>\u00a0<\/div>\n<div><strong>PER ULTERIORI INFO<\/strong><\/div>\n<div>caritas.mondialita(@)diocesiconcordiapordenone.it<\/div>\n<div>tel. 0434 221222 \/ 221285 (Ufficio Area Mondialit\u00e0)<\/div>\n<\/div>\n<hr class=\"wpba_attachment_hr\">","protected":false},"excerpt":{"rendered":"<p>Dal 4 al 14 agosto si terr\u00e0 un campo estivo di servizio a Valjevo (Serbia), rivolto ai giovani: un&#8217;opportunit\u00e0 per conoscere una realt\u00e0 segnata dalla guerra dei Balcani, una diversa cultura e il lavoro di una piccola Caritas locale, con la quale la Caritas diocesana collabora ormai da diversi anni. Entra per saperne di pi\u00f9<\/p>\n","protected":false},"author":0,"featured_media":570,"comment_status":"closed","ping_status":"closed","sticky":false,"template":"","format":"standard","meta":{"_acf_changed":false,"footnotes":""},"categories":[5],"tags":[],"class_list":["post-569","post","type-post","status-publish","format-standard","has-post-thumbnail","hentry","category-altre-news"],"acf":{"seed-localization-paese-cod":"","seed-localization-address":"","seed-localization-citta":"","seed-localization-regione-cod-istat":"","seed-localization-citta-cod-istat":"","seed-localization-localita":"","seed-localization-cap":"","seed-localization-geo":{"lat":41.90552298770031,"lng":12.509441971778871,"zoom":10,"markers":[],"address":"","layers":["OpenStreetMap.Mapnik"]},"seed-localization-marker-visibility":false,"seed-localization-children-visibility":false,"seed-localization-kml":null,"seed-localization-custom-marker":null},"_links":{"self":[{"href":"https:\/\/diocesi.concordia-pordenone.it\/caritas\/wp-json\/wp\/v2\/posts\/569","targetHints":{"allow":["GET"]}}],"collection":[{"href":"https:\/\/diocesi.concordia-pordenone.it\/caritas\/wp-json\/wp\/v2\/posts"}],"about":[{"href":"https:\/\/diocesi.concordia-pordenone.it\/caritas\/wp-json\/wp\/v2\/types\/post"}],"author":[{"embeddable":true,"href":"https:\/\/diocesi.concordia-pordenone.it\/caritas\/wp-json\/wp\/v2\/users\/1"}],"replies":[{"embeddable":true,"href":"https:\/\/diocesi.concordia-pordenone.it\/caritas\/wp-json\/wp\/v2\/comments?post=569"}],"version-history":[{"count":0,"href":"https:\/\/diocesi.concordia-pordenone.it\/caritas\/wp-json\/wp\/v2\/posts\/569\/revisions"}],"wp:featuredmedia":[{"embeddable":true,"href":"https:\/\/diocesi.concordia-pordenone.it\/caritas\/wp-json\/wp\/v2\/media\/570"}],"wp:attachment":[{"href":"https:\/\/diocesi.concordia-pordenone.it\/caritas\/wp-json\/wp\/v2\/media?parent=569"}],"wp:term":[{"taxonomy":"category","embeddable":true,"href":"https:\/\/diocesi.concordia-pordenone.it\/caritas\/wp-json\/wp\/v2\/categories?post=569"},{"taxonomy":"post_tag","embeddable":true,"href":"https:\/\/diocesi.concordia-pordenone.it\/caritas\/wp-json\/wp\/v2\/tags?post=569"}],"curies":[{"name":"wp","href":"https:\/\/api.w.org\/{rel}","templated":true}]}}