{"id":575,"date":"2016-10-11T16:51:00","date_gmt":"2016-10-11T14:51:00","guid":{"rendered":"https:\/\/diocesi.concordia-pordenone.it\/caritas\/la-concordia-luglio-settembre-2016\/"},"modified":"2016-10-11T16:51:00","modified_gmt":"2016-10-11T14:51:00","slug":"la-concordia-luglio-settembre-2016","status":"publish","type":"post","link":"https:\/\/diocesi.concordia-pordenone.it\/caritas\/la-concordia-luglio-settembre-2016\/","title":{"rendered":"La Concordia &#8211; luglio\/settembre 2016"},"content":{"rendered":"<div>In questo numero il terremoto in Centro Italia, la rubrica &#8220;Senza Frontiere&#8221; con il nuovo asilo notturno a Pordenone, l&#8217;esito della raccolta straordinaria degli indumenti usati, la Caritas a Pordenonelegge e molto altro ancora&#8230;<\/div>\n<div>\u00a0<\/div>\n<div>\u00a0<\/div>\n<div>La Concordia \u00e8 una rivista trimestrale che fa conoscere il mondo della Caritas diocesana, i progetti e le azioni intraprese, i corso di formazione, e d\u00e0 un&#8217;informazione sulle attivit\u00e0 delle Caritas parrocchiali. \u00c8 uno strumento per far circolare le notizie in modo capillare, nelle famiglie come nelle comunit\u00e0 parrocchiali.<\/div>\n<div>\u00a0<\/div>\n<div>Vai alla pagina dedicata<\/div>\n<div>\u00a0<\/div>\n","protected":false},"excerpt":{"rendered":"<p>In questo numero il terremoto in Centro Italia, la rubrica &#8220;Senza Frontiere&#8221; con il nuovo asilo notturno a Pordenone, l&#8217;esito della raccolta straordinaria degli indumenti usati, la Caritas a Pordenonelegge e molto altro ancora&#8230;<\/p>\n","protected":false},"author":0,"featured_media":0,"comment_status":"closed","ping_status":"closed","sticky":false,"template":"","format":"standard","meta":{"_acf_changed":false,"footnotes":""},"categories":[5],"tags":[],"class_list":["post-575","post","type-post","status-publish","format-standard","hentry","category-altre-news"],"acf":{"seed-localization-paese-cod":"","seed-localization-address":"","seed-localization-citta":"","seed-localization-regione-cod-istat":"","seed-localization-citta-cod-istat":"","seed-localization-localita":"","seed-localization-cap":"","seed-localization-geo":{"lat":41.90552298770031,"lng":12.509441971778871,"zoom":10,"markers":[],"address":"","layers":["OpenStreetMap.Mapnik"]},"seed-localization-marker-visibility":false,"seed-localization-children-visibility":false,"seed-localization-kml":null,"seed-localization-custom-marker":null},"_links":{"self":[{"href":"https:\/\/diocesi.concordia-pordenone.it\/caritas\/wp-json\/wp\/v2\/posts\/575","targetHints":{"allow":["GET"]}}],"collection":[{"href":"https:\/\/diocesi.concordia-pordenone.it\/caritas\/wp-json\/wp\/v2\/posts"}],"about":[{"href":"https:\/\/diocesi.concordia-pordenone.it\/caritas\/wp-json\/wp\/v2\/types\/post"}],"author":[{"embeddable":true,"href":"https:\/\/diocesi.concordia-pordenone.it\/caritas\/wp-json\/wp\/v2\/users\/1"}],"replies":[{"embeddable":true,"href":"https:\/\/diocesi.concordia-pordenone.it\/caritas\/wp-json\/wp\/v2\/comments?post=575"}],"version-history":[{"count":0,"href":"https:\/\/diocesi.concordia-pordenone.it\/caritas\/wp-json\/wp\/v2\/posts\/575\/revisions"}],"wp:attachment":[{"href":"https:\/\/diocesi.concordia-pordenone.it\/caritas\/wp-json\/wp\/v2\/media?parent=575"}],"wp:term":[{"taxonomy":"category","embeddable":true,"href":"https:\/\/diocesi.concordia-pordenone.it\/caritas\/wp-json\/wp\/v2\/categories?post=575"},{"taxonomy":"post_tag","embeddable":true,"href":"https:\/\/diocesi.concordia-pordenone.it\/caritas\/wp-json\/wp\/v2\/tags?post=575"}],"curies":[{"name":"wp","href":"https:\/\/api.w.org\/{rel}","templated":true}]}}