{"id":60,"date":"2011-11-25T12:42:00","date_gmt":"2011-11-25T11:42:00","guid":{"rendered":"https:\/\/diocesi.concordia-pordenone.it\/caritas\/avvento-natale-2011\/"},"modified":"2011-11-25T12:42:00","modified_gmt":"2011-11-25T11:42:00","slug":"avvento-natale-2011","status":"publish","type":"post","link":"https:\/\/diocesi.concordia-pordenone.it\/caritas\/avvento-natale-2011\/","title":{"rendered":"Avvento-Natale 2011"},"content":{"rendered":"<div>\n<div><strong>ASCOLTARE PER EDUCARCI ALLA CORRESPONSABILIT\u00c0<\/strong><\/div>\n<div><strong>Per una carit\u00e0 che passa dall\u2019elemosina alla corresponsabilit\u00e0 e alla condivisione dei beni<\/strong><\/div>\n<div>\u00a0<\/div>\n<div>Scarica a fondo pagina il depliant con le tre proposte di solidariet\u00e0 per questo Avvento-Natale<\/div>\n<div>\u00a0<\/div>\n<div>\n<div><strong>1. ASCOLTARE PER \u201cINCONTRARE L\u2019ALTRO\u201d<\/strong><\/div>\n<div>Nel territorio della nostra diocesi hanno trovato accoglienza pi\u00f9 di 100 persone di varia nazionalit\u00e0 provenienti dalla Libia. Questo arrivo interroga la nostra comunit\u00e0. In molti casi l\u2019impegno delle Caritas Parrocchiali e dei centri di distribuzione \u00e8 stato fondamentale per garantire la prima accoglienza e soprattutto per dare a queste persone un minimo di prossimit\u00e0.<\/div>\n<div>L\u2019invito, rivolto in particolare alle foranie che hanno avuto l\u2019occasione di ospitare sul proprio territorio queste persone, \u00e8 di organizzare un incontro per riflettere e rileggere insieme questa esperienza di accoglienza.<\/div>\n<div>\u00a0<\/div>\n<div><strong>Proposta concreta:<\/strong><\/div>\n<div><strong>&#8211; organizzare un incontro per riflettere e rileggere insieme questa esperienza di accoglienza<\/strong><\/div>\n<div>\u00a0<\/div>\n<div>Area Promozione Umana, referente: Andrea Barachino<\/div>\n<div>\u00a0<\/div>\n<div>\u00a0<\/div>\n<div><strong>2. EDUCARCI PER \u201cCAMBIARE VITA CONTRO LA FAME\u201d<\/strong><\/div>\n<div>La crisi nel Corno D\u2019Africa, colpita da mesi da una terribile siccit\u00e0 e dalla conseguente carestia che coinvolge 13 milioni di persone, continua ad aggravarsi e necessita di interventi destinati a protrarsi nel tempo. Sono previsti sia aiuti d\u2019emergenza nell\u2019ambito dell\u2019assistenza alimentare, sia azioni di medio periodo per favorire la ripresa di un\u2019autonoma capacit\u00e0 di reddito delle persone e renderle meno vulnerabili a future condizioni climatiche avverse.<\/div>\n<div>La Caritas Diocesana propone delle schede di approfondimento da proporre alle Comunit\u00e0 Parrocchiali per cercare di comprendere le relazioni che intercorrono tra le condizioni di sottosviluppo, le emergenze e i fenomeni migratori. L\u2019intento \u00e8 di risvegliare l\u2019attenzione sugli obiettivi del millennio e attraverso di essi modificare i nostri stili di vita.<\/div>\n<div>\u00a0<\/div>\n<div><strong>Proposte concrete:<\/strong><\/div>\n<div><strong>&#8211; incontri di approfondimento sugli obiettivi del millennio<\/strong><\/div>\n<div><strong>&#8211; raccolta fondi per l\u2019emergenza Corno d\u2019Africa<\/strong><\/div>\n<div>\u00a0<\/div>\n<div>Area Mondialit\u00e0 ed emergenze ed ambiente, referente: Mara Tajariol<\/div>\n<div>\u00a0<\/div>\n<div>\u00a0<\/div>\n<div><strong>3. CORRESPONSABILI \u201cINSIEME PER UN LAVORO\u201d<\/strong><\/div>\n<div>La Caritas Diocesana insieme all\u2019Associazione Nuovi Vicini onlus e alla Cooperativa Abitamondo sta sostenendo l\u2019avvio di percorsi sperimentali di inserimento lavorativo (tirocini) a favore di persone disoccupate, per un periodo di 3 mesi con il riconoscimento di un rimborso spese mensile di euro 500.<\/div>\n<div>Ciascuna parrocchia pu\u00f2 partecipare attivamente mettendo in campo la propria rete di conoscenze e contatti per raccogliere i fondi necessari, per individuare i possibili beneficiari e le aziende che potrebbero essere interessate a collaborare.<\/div>\n<div>L\u2019iniziativa si inserisce all\u2019interno del progetto \u201cDalla catena alla rete\u201d realizzato con il contributo 8 per mille di Caritas Italiana.<\/div>\n<div>\u00a0<\/div>\n<div><strong>Proposte concrete:<\/strong><\/div>\n<div><strong>&#8211; contribuire con offerte per sostenere i tirocini formativi<\/strong><\/div>\n<div><strong>&#8211; proporre persone in difficolt\u00e0 nella ricerca del lavoro<\/strong><\/div>\n<div><strong>&#8211; segnalare aziende che sono disposte ad ospitare persone in tirocinio formativo e stanno cercando personale<\/strong><\/div>\n<div>\u00a0<\/div>\n<div>Area Promozione Caritas, referenti: Marta Pajer e Andrea Castellarin<\/div>\n<div>\u00a0<\/div>\n<div>\u00a0<\/div>\n<div>Per informazioni e adesioni:<\/div>\n<div>Caritas Diocesana di Concordia-Pordenone &#8211; Via Martiri Concordiesi, 2 (PN)<\/div>\n<div>Orario: dal luned\u00ec al venerd\u00ec\u00a0ore 9.00-12.00 e 15.00-17.00<\/div>\n<div>\n<div>tel 0434-221222<\/div>\n<p>caritas(@)diocesiconcordiapordenone.it<\/p><\/div>\n<\/div>\n<\/div>\n<hr class=\"wpba_attachment_hr\"><div id='wpba_attachment_list' class='wpba wpba-wrap'>\n<ul class='wpba-attachment-list unstyled'><li id='wpba_attachment_list_62' class='wpba-list-item pull-left'><img src='https:\/\/diocesi.concordia-pordenone.it\/caritas\/wp-content\/themes\/wp-starter-so\/icons\/document.png' width='16' height='20' class='wpba-icon pull-left'><a href='https:\/\/diocesi.concordia-pordenone.it\/caritas\/wp-content\/uploads\/sites\/3\/2021\/06\/depliant-avvento-2011.pdf' title='depliant-avvento-2011' class='wpba-link pull-left' target=\"_blank\">depliant-avvento-2011<\/a><\/li>\n<li id='wpba_attachment_list_63' class='wpba-list-item pull-left'><img src='https:\/\/diocesi.concordia-pordenone.it\/caritas\/wp-content\/themes\/wp-starter-so\/icons\/document.png' width='16' height='20' class='wpba-icon pull-left'><a href='https:\/\/diocesi.concordia-pordenone.it\/caritas\/wp-content\/uploads\/sites\/3\/2021\/06\/locandina-avvento-2011.pdf' title='locandina-avvento-2011' class='wpba-link pull-left' target=\"_blank\">locandina-avvento-2011<\/a><\/li>\n<\/ul><\/div>\n","protected":false},"excerpt":{"rendered":"<p>ASCOLTARE PER EDUCARCI ALLA CORRESPONSABILIT\u00c0:<br \/>\nPer una carit\u00e0 che passa dall\u2019elemosina alla corresponsabilit\u00e0 e alla condivisione dei beni. Entra nella pagina e scarica il depliant con le tre proposte di solidariet\u00e0 per questo Avvento-Natale<\/p>\n","protected":false},"author":0,"featured_media":61,"comment_status":"closed","ping_status":"closed","sticky":false,"template":"","format":"standard","meta":{"_acf_changed":false,"footnotes":""},"categories":[4],"tags":[],"class_list":["post-60","post","type-post","status-publish","format-standard","has-post-thumbnail","hentry","category-news-in-primo-piano"],"acf":{"seed-localization-paese-cod":"","seed-localization-address":"","seed-localization-citta":"","seed-localization-regione-cod-istat":"","seed-localization-citta-cod-istat":"","seed-localization-localita":"","seed-localization-cap":"","seed-localization-geo":{"lat":41.90552298770031,"lng":12.509441971778871,"zoom":10,"markers":[],"address":"","layers":["OpenStreetMap.Mapnik"]},"seed-localization-marker-visibility":false,"seed-localization-children-visibility":false,"seed-localization-kml":null,"seed-localization-custom-marker":null},"_links":{"self":[{"href":"https:\/\/diocesi.concordia-pordenone.it\/caritas\/wp-json\/wp\/v2\/posts\/60","targetHints":{"allow":["GET"]}}],"collection":[{"href":"https:\/\/diocesi.concordia-pordenone.it\/caritas\/wp-json\/wp\/v2\/posts"}],"about":[{"href":"https:\/\/diocesi.concordia-pordenone.it\/caritas\/wp-json\/wp\/v2\/types\/post"}],"author":[{"embeddable":true,"href":"https:\/\/diocesi.concordia-pordenone.it\/caritas\/wp-json\/wp\/v2\/users\/1"}],"replies":[{"embeddable":true,"href":"https:\/\/diocesi.concordia-pordenone.it\/caritas\/wp-json\/wp\/v2\/comments?post=60"}],"version-history":[{"count":0,"href":"https:\/\/diocesi.concordia-pordenone.it\/caritas\/wp-json\/wp\/v2\/posts\/60\/revisions"}],"wp:featuredmedia":[{"embeddable":true,"href":"https:\/\/diocesi.concordia-pordenone.it\/caritas\/wp-json\/wp\/v2\/media\/61"}],"wp:attachment":[{"href":"https:\/\/diocesi.concordia-pordenone.it\/caritas\/wp-json\/wp\/v2\/media?parent=60"}],"wp:term":[{"taxonomy":"category","embeddable":true,"href":"https:\/\/diocesi.concordia-pordenone.it\/caritas\/wp-json\/wp\/v2\/categories?post=60"},{"taxonomy":"post_tag","embeddable":true,"href":"https:\/\/diocesi.concordia-pordenone.it\/caritas\/wp-json\/wp\/v2\/tags?post=60"}],"curies":[{"name":"wp","href":"https:\/\/api.w.org\/{rel}","templated":true}]}}