{"id":604,"date":"2013-11-05T18:18:00","date_gmt":"2013-11-05T17:18:00","guid":{"rendered":"https:\/\/diocesi.concordia-pordenone.it\/caritas\/avvento-2013-custodi-del-dono-di-dio\/"},"modified":"2013-11-05T18:18:00","modified_gmt":"2013-11-05T17:18:00","slug":"avvento-2013-custodi-del-dono-di-dio","status":"publish","type":"post","link":"https:\/\/diocesi.concordia-pordenone.it\/caritas\/avvento-2013-custodi-del-dono-di-dio\/","title":{"rendered":"Avvento 2013 &#8211; Custodi del dono di Dio"},"content":{"rendered":"<div>\n<div>In occasione del Natale, rivolgiamo la nostra preghiera alle famiglie della Siria, che da due anni stanno facendo i conti con una guerra che li ha costretti a lasciare i luoghi d\u2019origine, casa e lavoro, a fuggire in un Paese straniero, dove hanno trovato accoglienza nei campi profughi gestiti dalle organizzazioni internazionali. Anche la Caritas \u00e8 in prima linea, per garantire alle famiglie un sopravvivenza dignitosa. L&#8217;iniziativa di solidariet\u00e0 \u00e8 stata promossa dal Pontificio Consiglio per la Famiglia, in collaborazione con Caritas Italiana, in occasione del Pellegrinaggio mondiale delle Famiglie alla Tomba di San Pietro (26 e 27 ottobre 2013).<\/div>\n<div>\u00a0<\/div>\n<div>Il progetto, che ha la durata di un anno, consiste in una raccolta fondi per:<\/div>\n<div>\u00a0<\/div>\n<p>la fornitura di aiuti umanitari alle famiglie siriane in difficolt\u00e0, e prioritariamente con bambiniil sostegno di alloggi temporanei alle famiglie sfollatel\u2019assistenza medico sanitaria a malati, bambini e anziani<\/p>\n<div>\u00a0<\/div>\n<div>I beneficiari del progetto \u201cLe Famiglie del mondo per le famiglie della Siria\u201d saranno circa 5.400 famiglie siriane (oltre 20.000 persone). Oltre 300 famiglie sfollate potranno avere un alloggio<\/div>\n<div>Il commento di Don Francesco Soddu, Direttore di Caritas Italiana: \u00ab\u00c8 un&#8217;iniziativa che allarga gli orizzonti, ci spinge ad intensificare l&#8217;impegno concreto accanto a Caritas Siria e d\u00e0 sempre pi\u00f9 corpo alle azioni di vicinanza e sostegno alla popolazione e alle famiglie locali intraprese da Caritas Italiana sin dall&#8217;inizio di questa emergenza, fedeli al mandato ricevuto dalla nostra Conferenza episcopale\u00bb.<\/div>\n<div>\u00a0<\/div>\n<div>L\u2019offerta pu\u00f2 essere effettuata <strong>presso gli uffici Caritas <\/strong>in via Martiri Concordiesi n. 2 a Pordenone<\/div>\n<div>da luned\u00ec a venerd\u00ec 9.00-12.30 \/ 14.30-17.00<\/div>\n<div>\u00a0<\/div>\n<div>Si pu\u00f2 contribuire con un <strong>versamento sul c\/c postale <\/strong>n. 000011507597<\/div>\n<div>intestato a Caritas Diocesana di Concordia-Pordenone<\/div>\n<div>\u00a0<\/div>\n<div>oppure con <strong>bonifico bancario <\/strong>presso:<\/div>\n<div>Banca FriulAdria &#8211; Cr\u00e9dit Agricole<\/div>\n<div>C\/C 00004031561<\/div>\n<div>ABI 05336 &#8211; CAB 12500<\/div>\n<div>IBAN IT 09 E 05336 12500 000040301561<\/div>\n<div>\u00a0<\/div>\n<div>Banca Popolare Etica<\/div>\n<div>C\/C 000000105618<\/div>\n<div>ABI 05018 &#8211; CAB 12000<\/div>\n<div>IBAN IT 22 M 05018 12000 000000105618<\/div>\n<div>\u00a0<\/div>\n<div>\u00a0<\/div>\n<div>Guarda anche i sussidi Avvento-Natale 2013 di Caritas Italiana<\/div>\n<div>\u00a0<\/div>\n<div>\u00a0<\/div>\n<\/div>\n<hr class=\"wpba_attachment_hr\"><div id='wpba_attachment_list' class='wpba wpba-wrap'>\n<ul class='wpba-attachment-list unstyled'><li id='wpba_attachment_list_606' class='wpba-list-item pull-left'><img src='https:\/\/diocesi.concordia-pordenone.it\/caritas\/wp-content\/themes\/wp-starter-so\/icons\/document.png' width='16' height='20' class='wpba-icon pull-left'><a href='https:\/\/diocesi.concordia-pordenone.it\/caritas\/wp-content\/uploads\/sites\/3\/2021\/06\/custodi-del-dono-di-dio.pdf' title='custodi-del-dono-di-dio' class='wpba-link pull-left' target=\"_blank\">custodi-del-dono-di-dio<\/a><\/li>\n<\/ul><\/div>\n","protected":false},"excerpt":{"rendered":"<p>In occasione del Natale, rivolgiamo la nostra preghiera alle famiglie della Siria, che da due anni stanno facendo i conti con una guerra che le ha costrette a lasciare i luoghi d\u2019origine e a fuggire in un Paese straniero, dove hanno trovato accoglienza nei campi profughi gestiti dalle organizzazioni internazionali. Anche la Caritas \u00e8 in prima linea: entra per saperne di pi\u00f9<\/p>\n","protected":false},"author":0,"featured_media":605,"comment_status":"closed","ping_status":"closed","sticky":false,"template":"","format":"standard","meta":{"_acf_changed":false,"footnotes":""},"categories":[5],"tags":[],"class_list":["post-604","post","type-post","status-publish","format-standard","has-post-thumbnail","hentry","category-altre-news"],"acf":{"seed-localization-paese-cod":"","seed-localization-address":"","seed-localization-citta":"","seed-localization-regione-cod-istat":"","seed-localization-citta-cod-istat":"","seed-localization-localita":"","seed-localization-cap":"","seed-localization-geo":{"lat":41.90552298770031,"lng":12.509441971778871,"zoom":10,"markers":[],"address":"","layers":["OpenStreetMap.Mapnik"]},"seed-localization-marker-visibility":false,"seed-localization-children-visibility":false,"seed-localization-kml":null,"seed-localization-custom-marker":null},"_links":{"self":[{"href":"https:\/\/diocesi.concordia-pordenone.it\/caritas\/wp-json\/wp\/v2\/posts\/604","targetHints":{"allow":["GET"]}}],"collection":[{"href":"https:\/\/diocesi.concordia-pordenone.it\/caritas\/wp-json\/wp\/v2\/posts"}],"about":[{"href":"https:\/\/diocesi.concordia-pordenone.it\/caritas\/wp-json\/wp\/v2\/types\/post"}],"author":[{"embeddable":true,"href":"https:\/\/diocesi.concordia-pordenone.it\/caritas\/wp-json\/wp\/v2\/users\/1"}],"replies":[{"embeddable":true,"href":"https:\/\/diocesi.concordia-pordenone.it\/caritas\/wp-json\/wp\/v2\/comments?post=604"}],"version-history":[{"count":0,"href":"https:\/\/diocesi.concordia-pordenone.it\/caritas\/wp-json\/wp\/v2\/posts\/604\/revisions"}],"wp:featuredmedia":[{"embeddable":true,"href":"https:\/\/diocesi.concordia-pordenone.it\/caritas\/wp-json\/wp\/v2\/media\/605"}],"wp:attachment":[{"href":"https:\/\/diocesi.concordia-pordenone.it\/caritas\/wp-json\/wp\/v2\/media?parent=604"}],"wp:term":[{"taxonomy":"category","embeddable":true,"href":"https:\/\/diocesi.concordia-pordenone.it\/caritas\/wp-json\/wp\/v2\/categories?post=604"},{"taxonomy":"post_tag","embeddable":true,"href":"https:\/\/diocesi.concordia-pordenone.it\/caritas\/wp-json\/wp\/v2\/tags?post=604"}],"curies":[{"name":"wp","href":"https:\/\/api.w.org\/{rel}","templated":true}]}}