{"id":614,"date":"2013-11-20T15:57:00","date_gmt":"2013-11-20T14:57:00","guid":{"rendered":"https:\/\/diocesi.concordia-pordenone.it\/caritas\/alluvioni-sardegna-la-solidarieta-della-caritas\/"},"modified":"2013-11-20T15:57:00","modified_gmt":"2013-11-20T14:57:00","slug":"alluvioni-sardegna-la-solidarieta-della-caritas","status":"publish","type":"post","link":"https:\/\/diocesi.concordia-pordenone.it\/caritas\/alluvioni-sardegna-la-solidarieta-della-caritas\/","title":{"rendered":"Alluvioni Sardegna &#8211; La solidariet\u00e0 della Caritas"},"content":{"rendered":"<div>\n<div><b>ATTIVATA LA RACCOLTA NELLA NOSTRA DIOCESI<\/b><\/div>\n<div><b><i>Gi\u00e0\u00a0stanziati 100.000 euro da Caritas Italiana per i primi interventi<\/i><\/b><\/div>\n<div>\u00a0<\/div>\n<div>\n<div><i>\u201cLe notizie che ci arrivano dalla Sardegna sono preoccupanti e la situazione resta di piena emergenza\u201d<\/i>. Con queste parole <b>don Francesco Soddu<\/b>, direttore di Caritas Italiana, sottolinea la drammatica emergenza dopo la violenta ondata di maltempo che ha colpito la Sardegna causando morti e dispersi.<\/div>\n<div>Don Soddu ha espresso vicinanza e solidariet\u00e0 ai Vescovi e a tutti i direttori delle Caritas diocesane coinvolte, a partire dal delegato regionale delle Caritas della Sardegna, <b>don Marco Lai<\/b>, il quale ha ribadito che le diocesi maggiormente colpite sono quelle di <b>Tempio-Ampurias, Ales-Terralba e Nuoro, <\/b>con <i>\u201cmolti paesi allagati e isolati, intere zone sommerse e raccolti distrutti\u201d<\/i>.<\/div>\n<div>Le Caritas si stanno coordinando e \u2013 sottolinea sempre don Lai \u2013 \u201c<i>oltre ad attivare aiuti immediati, di fronte a questa emergenza, una riflessione deve essere fatta sulla gestione del territorio\u201d<\/i>.<\/div>\n<div>Nella diocesi di Tempio-Ampurias si \u00e8 registrato il maggior numero di vittime e il Vescovo ha riunito i parroci e la Caritas per coordinare gli aiuti ed \u00e8 rimasto aperto ininterrottamente il locale dormitorio per accogliere quanti hanno lasciato le case. Nella diocesi di Nuoro tra i paesi pi\u00f9 colpiti risultano Torp\u00e9, Galtell\u00ec, Oliena, Bitti e Posada, mentre, nella diocesi di Ales-Terralba, Uras e San Gavino.<\/div>\n<div><b>Caritas Italiana <\/b>resta in costante collegamento con le Caritas locali e <b>mette a disposizione 100.000 euro <\/b>per i primi interventi in favore della popolazione colpita.<\/div>\n<\/div>\n<div>\u00a0<\/div>\n<div>\u00a0<\/div>\n<div><strong>Per aiutare la popolazione sarda in difficolt\u00e0 si pu\u00f2:<\/strong><\/div>\n<div>\u00a0<\/div>\n<div>consegnare un\u2019offerta <strong>presso gli uffici della Caritas Diocesana<\/strong><\/div>\n<div>in via Martiri Concordiesi 2, a Pordenone<\/div>\n<div>da luned\u00ec a venerd\u00ec 9.00-12.30 \/ 14.30-17.00<\/div>\n<div>\u00a0<\/div>\n<div>contribuire, scrivendo la <b>causale \u201cAlluvioni Sardegna\u201d<\/b>,<\/div>\n<div>con un <strong>versamento sul c\/c postale <\/strong>n. 000011507597<\/div>\n<div>intestato a Caritas Diocesana di Concordia-Pordenone<\/div>\n<div>\u00a0<\/div>\n<div>oppure con <strong>bonifico bancario <\/strong>presso:<\/div>\n<div>Banca FriulAdria &#8211; Cr\u00e9dit Agricole<\/div>\n<div>C\/C 00004031561<\/div>\n<div>ABI 05336 &#8211; CAB 12500<\/div>\n<div>IBAN IT 09 E 05336 12500 000040301561<\/div>\n<div>\u00a0<\/div>\n<div>Banca Popolare Etica<\/div>\n<div>C\/C 000000105618<\/div>\n<div>ABI 05018 &#8211; CAB 02200<\/div>\n<div>IBAN IT 02\u00a0N 05018 02200 000000105618\u00a0\u00a0<\/div>\n<\/div>\n<hr class=\"wpba_attachment_hr\">","protected":false},"excerpt":{"rendered":"<p>Attivata in Diocesi una raccolta fondi per aiutare la popolazione sarda, dopo le pesanti alluvioni che hanno colpito la regione nei giorni scorsi. Entra per sapere come contribuire: si raccolgono solo offerte in denaro, non beni materiali<\/p>\n","protected":false},"author":0,"featured_media":615,"comment_status":"closed","ping_status":"closed","sticky":false,"template":"","format":"standard","meta":{"_acf_changed":false,"footnotes":""},"categories":[5],"tags":[],"class_list":["post-614","post","type-post","status-publish","format-standard","has-post-thumbnail","hentry","category-altre-news"],"acf":{"seed-localization-paese-cod":"","seed-localization-address":"","seed-localization-citta":"","seed-localization-regione-cod-istat":"","seed-localization-citta-cod-istat":"","seed-localization-localita":"","seed-localization-cap":"","seed-localization-geo":{"lat":41.90552298770031,"lng":12.509441971778871,"zoom":10,"markers":[],"address":"","layers":["OpenStreetMap.Mapnik"]},"seed-localization-marker-visibility":false,"seed-localization-children-visibility":false,"seed-localization-kml":null,"seed-localization-custom-marker":null},"_links":{"self":[{"href":"https:\/\/diocesi.concordia-pordenone.it\/caritas\/wp-json\/wp\/v2\/posts\/614","targetHints":{"allow":["GET"]}}],"collection":[{"href":"https:\/\/diocesi.concordia-pordenone.it\/caritas\/wp-json\/wp\/v2\/posts"}],"about":[{"href":"https:\/\/diocesi.concordia-pordenone.it\/caritas\/wp-json\/wp\/v2\/types\/post"}],"author":[{"embeddable":true,"href":"https:\/\/diocesi.concordia-pordenone.it\/caritas\/wp-json\/wp\/v2\/users\/1"}],"replies":[{"embeddable":true,"href":"https:\/\/diocesi.concordia-pordenone.it\/caritas\/wp-json\/wp\/v2\/comments?post=614"}],"version-history":[{"count":0,"href":"https:\/\/diocesi.concordia-pordenone.it\/caritas\/wp-json\/wp\/v2\/posts\/614\/revisions"}],"wp:featuredmedia":[{"embeddable":true,"href":"https:\/\/diocesi.concordia-pordenone.it\/caritas\/wp-json\/wp\/v2\/media\/615"}],"wp:attachment":[{"href":"https:\/\/diocesi.concordia-pordenone.it\/caritas\/wp-json\/wp\/v2\/media?parent=614"}],"wp:term":[{"taxonomy":"category","embeddable":true,"href":"https:\/\/diocesi.concordia-pordenone.it\/caritas\/wp-json\/wp\/v2\/categories?post=614"},{"taxonomy":"post_tag","embeddable":true,"href":"https:\/\/diocesi.concordia-pordenone.it\/caritas\/wp-json\/wp\/v2\/tags?post=614"}],"curies":[{"name":"wp","href":"https:\/\/api.w.org\/{rel}","templated":true}]}}