{"id":619,"date":"2013-12-09T11:33:00","date_gmt":"2013-12-09T10:33:00","guid":{"rendered":"https:\/\/diocesi.concordia-pordenone.it\/caritas\/natalinsieme-2013\/"},"modified":"2013-12-09T11:33:00","modified_gmt":"2013-12-09T10:33:00","slug":"natalinsieme-2013","status":"publish","type":"post","link":"https:\/\/diocesi.concordia-pordenone.it\/caritas\/natalinsieme-2013\/","title":{"rendered":"Natalinsieme 2013"},"content":{"rendered":"<div>La Casa della Madonna Pellegrina organizza anche quest\u2019anno Natalinsieme, un momento ormai atteso per trascorrere insieme ad amici il giorno che per eccellenza \u00e8 dedicato a ritrovarsi con le persone care.<br >I posti disponibili attorno alla grande tavolata che verr\u00e0 apparecchiata alla Casa Madonna Pellegrina sono 120 anche in questa edizione. Chi volesse partecipare pu\u00f2 dare la propria adesione, entro le ore 12.00 di venerd\u00ec\u00a0 20 dicembre, chiamando direttamente la Casa della Madonna Pellegrina, al numero 0434 546811, oppure contattando la Caritas Diocesana\u00a0allo 0434 221222.<br >La partecipazione \u00e8 libera e non c\u2019\u00e8 un costo prefissato per il pranzo: si potr\u00e0 contribuire alle spese attraverso un\u2019offerta che ogni famiglia decider\u00e0 di lasciare all\u2019organizzazione.<br >Il programma della giornata \u00e8 ricco e si svolger\u00e0 in questo modo: appuntamento alla Casa della Madonna Pellegrina, nella via omonima, laterale di Viale della Libert\u00e0, alle ore 12.00 della mattina di Natale, per scambiarsi gli auguri. Alle ore 12.30 \u00e8 previsto l\u2019inizio del pranzo, al quale seguir\u00e0 un intenso pomeriggio con intrattenimenti vari.<\/div>\n<div>Si accetta ogni nuova collaborazione: se avete amici che ci possono dare una mano, invitateli!<\/div>\n<hr class=\"wpba_attachment_hr\"><div id='wpba_attachment_list' class='wpba wpba-wrap'>\n<ul class='wpba-attachment-list unstyled'><li id='wpba_attachment_list_621' class='wpba-list-item pull-left'><img src='https:\/\/diocesi.concordia-pordenone.it\/caritas\/wp-content\/themes\/wp-starter-so\/icons\/document.png' width='16' height='20' class='wpba-icon pull-left'><a href='https:\/\/diocesi.concordia-pordenone.it\/caritas\/wp-content\/uploads\/sites\/3\/2021\/06\/LOCANDINA-2013.pdf' title='LOCANDINA-2013' class='wpba-link pull-left' target=\"_blank\">LOCANDINA-2013<\/a><\/li>\n<\/ul><\/div>\n","protected":false},"excerpt":{"rendered":"<p>L&#8217;Associazione Casa della Madonna Pellegrina sta organizzando l&#8217;11^ edizione di &#8220;Natalinsieme&#8221;, iniziativa che offre l&#8217;opportunit\u00e0 (non ci sono quote, si potr\u00e0 contibuire con offerta libera) a persone e famiglie di ogni nazionalit\u00e0, religione e cultura di ritrovarsi il giorno di Natale per un pranzo comune e un pomeriggio di amicizia con attivit\u00e0 di intrattenimento per tutti. I posti a disposizione sono 120. Chi volesse partecipare pu\u00f2 dare la propria adesione, entro le ore 12.00 di venerd\u00ec 20 dicembre<\/p>\n","protected":false},"author":0,"featured_media":620,"comment_status":"closed","ping_status":"closed","sticky":false,"template":"","format":"standard","meta":{"_acf_changed":false,"footnotes":""},"categories":[5],"tags":[],"class_list":["post-619","post","type-post","status-publish","format-standard","has-post-thumbnail","hentry","category-altre-news"],"acf":{"seed-localization-paese-cod":"","seed-localization-address":"","seed-localization-citta":"","seed-localization-regione-cod-istat":"","seed-localization-citta-cod-istat":"","seed-localization-localita":"","seed-localization-cap":"","seed-localization-geo":{"lat":41.90552298770031,"lng":12.509441971778871,"zoom":10,"markers":[],"address":"","layers":["OpenStreetMap.Mapnik"]},"seed-localization-marker-visibility":false,"seed-localization-children-visibility":false,"seed-localization-kml":null,"seed-localization-custom-marker":null},"_links":{"self":[{"href":"https:\/\/diocesi.concordia-pordenone.it\/caritas\/wp-json\/wp\/v2\/posts\/619","targetHints":{"allow":["GET"]}}],"collection":[{"href":"https:\/\/diocesi.concordia-pordenone.it\/caritas\/wp-json\/wp\/v2\/posts"}],"about":[{"href":"https:\/\/diocesi.concordia-pordenone.it\/caritas\/wp-json\/wp\/v2\/types\/post"}],"author":[{"embeddable":true,"href":"https:\/\/diocesi.concordia-pordenone.it\/caritas\/wp-json\/wp\/v2\/users\/1"}],"replies":[{"embeddable":true,"href":"https:\/\/diocesi.concordia-pordenone.it\/caritas\/wp-json\/wp\/v2\/comments?post=619"}],"version-history":[{"count":0,"href":"https:\/\/diocesi.concordia-pordenone.it\/caritas\/wp-json\/wp\/v2\/posts\/619\/revisions"}],"wp:featuredmedia":[{"embeddable":true,"href":"https:\/\/diocesi.concordia-pordenone.it\/caritas\/wp-json\/wp\/v2\/media\/620"}],"wp:attachment":[{"href":"https:\/\/diocesi.concordia-pordenone.it\/caritas\/wp-json\/wp\/v2\/media?parent=619"}],"wp:term":[{"taxonomy":"category","embeddable":true,"href":"https:\/\/diocesi.concordia-pordenone.it\/caritas\/wp-json\/wp\/v2\/categories?post=619"},{"taxonomy":"post_tag","embeddable":true,"href":"https:\/\/diocesi.concordia-pordenone.it\/caritas\/wp-json\/wp\/v2\/tags?post=619"}],"curies":[{"name":"wp","href":"https:\/\/api.w.org\/{rel}","templated":true}]}}