{"id":622,"date":"2013-11-12T15:57:00","date_gmt":"2013-11-12T14:57:00","guid":{"rendered":"https:\/\/diocesi.concordia-pordenone.it\/caritas\/emergenza-filippine-tifone-haiyan-2\/"},"modified":"2013-11-12T15:57:00","modified_gmt":"2013-11-12T14:57:00","slug":"emergenza-filippine-tifone-haiyan-2","status":"publish","type":"post","link":"https:\/\/diocesi.concordia-pordenone.it\/caritas\/emergenza-filippine-tifone-haiyan-2\/","title":{"rendered":"Emergenza Filippine &#8211; Tifone Haiyan"},"content":{"rendered":"<div>\n<div><b>UN\u2019EMERGENZA UMANITARIA DI MASSA<\/b><\/div>\n<div><b><i>L\u2019azione della Caritas sul posto. Stanziati 100.000 euro da Caritas Italiana per i primi interventi<\/i><\/b><\/div>\n<div>\u00a0<\/div>\n<div>La Caritas Diocesana di Concordia-Pordenone lancia una raccolta di solidariet\u00e0 in favore delle popolazioni delle Filippine colpite dal tifone Haiyan, che ha lasciato dietro di s\u00e9, secondo fonti Caritas, decine di migliaia di morti, feriti, dispersi, probabilmente con numeri molto superiori alle stime attuali. Il disastro si configura pertanto come <b>\u201cun\u2019emergenza umanitaria di massa\u201d<\/b>, di altissimo livello per devastazione e complessit\u00e0, vista <b>l\u2019alta densit\u00e0 della popolazione e la vastit\u00e0 del territorio colpito<\/b>. Moltissime regioni interne non sono ancora state raggiunte dai soccorritori, cosa che fa pensare e rafforza la probabilit\u00e0 che il numero delle vittime e l\u2019entit\u00e0 dei danni siano destinati a crescere.<\/div>\n<div>La regione centrale delle Filippine, il gruppo di grandi isole \u201cVisayas\u201d, gi\u00e0 recentemente colpita da un grave terremoto nell\u2019isola di Bohol, \u00e8 storicamente quella pi\u00f9 a rischio sia dal punto di vista della <b>vulnerabilit\u00e0 alle frequenti tempeste tropicali<\/b>, sia per la <b>scarsa qualit\u00e0 delle abitazioni<\/b>. Il devastante tifone Haiyan, chiamato localmente Yolanda e definito una tempesta \u201ckiller\u201d, ha colpito proprio <b>le isole pi\u00f9 povere del gruppo delle Visayas<\/b>, quelle meno raggiungibili anche logisticamente, Samar in particolare e Leyte. <b>Pi\u00f9 di 4 milioni di persone <\/b>avrebbero perso tutto, dovendo abbandonare le proprie case distrutte e rifugiandosi in ripari di fortuna. Oltre ai drammi vissuti dalla popolazione, i danni alle infrastrutture sarebbero incalcolabili: numerose frane hanno, infatti, distrutto linee elettriche e strade<b>, manca l\u2019acqua potabile <\/b>in numerose province, le comunicazioni sono completamente interrotte in ampie porzioni di territorio.<\/div>\n<div><b>Padre Edwin Gariguez, direttore di Caritas Filippine-NASSA<\/b>, in contatto con le \u00e9quipes delle Caritas Diocesane delle Visayas, raggiunto al telefono sul posto, ha riferito alla rete internazionale Caritas che \u201cHaiyan \u00e8 il pi\u00f9 forte e devastante tifone che abbia mai colpito il Paese. Caritas Filippine, col supporto della rete Caritas, sta inviando localmente <b>ulteriori aiuti umanitari e operatori specializzati<\/b>, oltre a quelli gi\u00e0 attivi, per raggiungere le zone pi\u00f9 gravemente colpite e pi\u00f9 remote\u201d. Migliaia di persone sono, infatti, gi\u00e0 ospitate presso Istituti, Parrocchie e strutture Caritas, e ad <b>altre 8.000 persone <\/b>verranno forniti brevemente generi di prima necessit\u00e0.<\/div>\n<div>Il Direttore di Caritas Italiana, <b>don Francesco Soddu<\/b>, unendosi alle intenzioni di <b>Papa Francesco<\/b>, in solidariet\u00e0 con tutte le vittime di tale catastrofe, ha sottolineato \u201cl\u2019importanza di un aiuto concreto e immediato\u201d. Ora il tifone rischia di colpire e di causare disastri anche in altri Paesi, come il Vietnam e il Laos. Di conseguenza Caritas Italiana ha <b>gi\u00e0 stanziato 100.000 \u20ac per questa terribile emergenza<\/b>.<\/div>\n<div><b>Caritas Italiana <\/b>\u00e8 attiva da decenni nelle Filippine, in particolare nell\u2019ambito delle ricorrenti emergenze naturali, come terremoti, alluvioni, frane, tempeste e tifoni tropicali. L\u2019intervento si realizza <b>a supporto di Caritas Filippine <\/b>e in collaborazione con altre realt\u00e0 locali, lavorando anche nella ricostruzione e nelle fasi successive.<\/div>\n<div>\u00a0<\/div>\n<div>La Caritas Diocesana di Concordia-Pordenone, dunque, si \u00e8 subito attivata con una raccolta fondi.<\/div>\n<div><strong>Come evidenziato da Caritas Italiana, evitiamo raccolte di beni materiali, di qualsiasi tipo, che richiederebbero,\u00a0oltre ad un costo significativo di spedizione, anche un lavoro di stoccaggio, smistamento e gestione\u00a0in loco che non faciliterebbe le azioni di aiuto alle popolazioni. Nelle Filippine, considerando che non tutto il Paese \u00e8 stato colpito dalla catastrofe,\u00a0\u00e8 possibile acquistare tutto ci\u00f2 che \u00e8 necessario, favorendo al contempo\u00a0l\u2019economia locale.<\/strong><\/div>\n<div>\u00a0<\/div>\n<div><strong>Per aiutare la popolazione filippina in difficolt\u00e0 si pu\u00f2:<\/strong><\/div>\n<div>\u00a0<\/div>\n<div>consegnare un\u2019offerta <strong>presso gli uffici della Caritas Diocesana<\/strong><\/div>\n<div>in via Martiri Concordiesi 2, a Pordenone<\/div>\n<div>da luned\u00ec a venerd\u00ec 9.00-12.30 \/ 14.30-17.00<\/div>\n<div>\u00a0<\/div>\n<div>contribuire, scrivendo la <b>causale \u201cTifone Filippine\u201d<\/b>,<\/div>\n<div>con un <strong>versamento sul c\/c postale <\/strong>n. 000011507597<\/div>\n<div>intestato a Caritas Diocesana di Concordia-Pordenone<\/div>\n<div>\u00a0<\/div>\n<div>oppure con <strong>bonifico bancario <\/strong>presso:<\/div>\n<div>Banca FriulAdria &#8211; Cr\u00e9dit Agricole<\/div>\n<div>C\/C 00004031561<\/div>\n<div>ABI 05336 &#8211; CAB 12500<\/div>\n<div>IBAN IT 09 E 05336 12500 000040301561<\/div>\n<div>\u00a0<\/div>\n<div>Banca Popolare Etica<\/div>\n<div>C\/C 000000105618<\/div>\n<div>ABI 05018 &#8211; CAB 02200<\/div>\n<div>IBAN IT 02\u00a0N 05018 02200 000000105618\u00a0\u00a0<\/div>\n<div>\u00a0<\/div>\n<div>\u00a0<\/div>\n<\/div>\n<hr class=\"wpba_attachment_hr\"><div id='wpba_attachment_list' class='wpba wpba-wrap'>\n<ul class='wpba-attachment-list unstyled'><li id='wpba_attachment_list_624' class='wpba-list-item pull-left'><img src='https:\/\/diocesi.concordia-pordenone.it\/caritas\/wp-content\/themes\/wp-starter-so\/icons\/document.png' width='16' height='20' class='wpba-icon pull-left'><a href='https:\/\/diocesi.concordia-pordenone.it\/caritas\/wp-content\/uploads\/sites\/3\/2021\/06\/tifone-filippine_comunicato-12_12_2013-1.pdf' title='tifone-filippine_comunicato-12_12_2013-1' class='wpba-link pull-left' target=\"_blank\">tifone-filippine_comunicato-12_12_2013-1<\/a><\/li>\n<\/ul><\/div>\n","protected":false},"excerpt":{"rendered":"<p>La Caritas Diocesana di Concordia-Pordenone lancia una raccolta di solidariet\u00e0 in favore delle popolazioni delle Filippine colpite dal tifone Haiyan, che ha lasciato dietro di s\u00e9 decine di migliaia di morti, feriti, dispersi. Entra per sapere come aiutare la popolazione filippina: si raccolgono offerte in denaro, ma non beni materiali, che non faciliterebbero le azioni di aiuto<\/p>\n","protected":false},"author":0,"featured_media":623,"comment_status":"closed","ping_status":"closed","sticky":false,"template":"","format":"standard","meta":{"_acf_changed":false,"footnotes":""},"categories":[5],"tags":[],"class_list":["post-622","post","type-post","status-publish","format-standard","has-post-thumbnail","hentry","category-altre-news"],"acf":{"seed-localization-paese-cod":"","seed-localization-address":"","seed-localization-citta":"","seed-localization-regione-cod-istat":"","seed-localization-citta-cod-istat":"","seed-localization-localita":"","seed-localization-cap":"","seed-localization-geo":{"lat":41.90552298770031,"lng":12.509441971778871,"zoom":10,"markers":[],"address":"","layers":["OpenStreetMap.Mapnik"]},"seed-localization-marker-visibility":false,"seed-localization-children-visibility":false,"seed-localization-kml":null,"seed-localization-custom-marker":null},"_links":{"self":[{"href":"https:\/\/diocesi.concordia-pordenone.it\/caritas\/wp-json\/wp\/v2\/posts\/622","targetHints":{"allow":["GET"]}}],"collection":[{"href":"https:\/\/diocesi.concordia-pordenone.it\/caritas\/wp-json\/wp\/v2\/posts"}],"about":[{"href":"https:\/\/diocesi.concordia-pordenone.it\/caritas\/wp-json\/wp\/v2\/types\/post"}],"author":[{"embeddable":true,"href":"https:\/\/diocesi.concordia-pordenone.it\/caritas\/wp-json\/wp\/v2\/users\/1"}],"replies":[{"embeddable":true,"href":"https:\/\/diocesi.concordia-pordenone.it\/caritas\/wp-json\/wp\/v2\/comments?post=622"}],"version-history":[{"count":0,"href":"https:\/\/diocesi.concordia-pordenone.it\/caritas\/wp-json\/wp\/v2\/posts\/622\/revisions"}],"wp:featuredmedia":[{"embeddable":true,"href":"https:\/\/diocesi.concordia-pordenone.it\/caritas\/wp-json\/wp\/v2\/media\/623"}],"wp:attachment":[{"href":"https:\/\/diocesi.concordia-pordenone.it\/caritas\/wp-json\/wp\/v2\/media?parent=622"}],"wp:term":[{"taxonomy":"category","embeddable":true,"href":"https:\/\/diocesi.concordia-pordenone.it\/caritas\/wp-json\/wp\/v2\/categories?post=622"},{"taxonomy":"post_tag","embeddable":true,"href":"https:\/\/diocesi.concordia-pordenone.it\/caritas\/wp-json\/wp\/v2\/tags?post=622"}],"curies":[{"name":"wp","href":"https:\/\/api.w.org\/{rel}","templated":true}]}}