{"id":64,"date":"2011-01-20T17:16:00","date_gmt":"2011-01-20T16:16:00","guid":{"rendered":"https:\/\/diocesi.concordia-pordenone.it\/caritas\/formazione-2011-2012\/"},"modified":"2011-01-20T17:16:00","modified_gmt":"2011-01-20T16:16:00","slug":"formazione-2011-2012","status":"publish","type":"post","link":"https:\/\/diocesi.concordia-pordenone.it\/caritas\/formazione-2011-2012\/","title":{"rendered":"Formazione 2011-2012"},"content":{"rendered":"<div><strong>ASCOLTO &#8211; OSPITALIT\u00c0 &#8211; ACCOGLIENZA<\/strong><\/div>\n<div>\u00a0<\/div>\n<div>\n<div>Anche quest\u2019anno riproponiamo un percorso formativo laboratoriale, un metodo che ha dato buoni frutti negli ultimi due anni e ha favorito la partecipazione dei volontari che operano nelle comunit\u00e0 parrocchiali.<\/div>\n<\/div>\n<div>\u00a0<\/div>\n<div>\n<div>Il percorso formativo \u00e8 aperto a tutti i volontari delle Caritas parrocchiali, dei centri di ascolto, dei centri di distribuzione e delle altre realt\u00e0 caritative.<\/div>\n<div>\u00a0<\/div>\n<div>Vai alla pagina dedicata<\/div>\n<\/div>\n<hr class=\"wpba_attachment_hr\"><div id='wpba_attachment_list' class='wpba wpba-wrap'>\n<ul class='wpba-attachment-list unstyled'><li id='wpba_attachment_list_66' class='wpba-list-item pull-left'><img src='https:\/\/diocesi.concordia-pordenone.it\/caritas\/wp-content\/themes\/wp-starter-so\/icons\/document.png' width='16' height='20' class='wpba-icon pull-left'><a href='https:\/\/diocesi.concordia-pordenone.it\/caritas\/wp-content\/uploads\/sites\/3\/2021\/06\/volantino-laboratori-2012.pdf' title='volantino-laboratori-2012' class='wpba-link pull-left' target=\"_blank\">volantino-laboratori-2012<\/a><\/li>\n<\/ul><\/div>\n","protected":false},"excerpt":{"rendered":"<p>A febbraio i prossimi incontri del percorso formativo rivolto a tutti i volontari delle Caritas parrocchiali, dei centri di ascolto, dei centri di distribuzione e delle altre realt\u00e0 caritative: luned\u00ec 13 a Pordenone, marted\u00ec 14 a Spilimbergo, mercoled\u00ec 15 a Portogruaro. Entra per scaricare il depliant con il programma completo<\/p>\n","protected":false},"author":0,"featured_media":65,"comment_status":"closed","ping_status":"closed","sticky":false,"template":"","format":"standard","meta":{"_acf_changed":false,"footnotes":""},"categories":[4],"tags":[],"class_list":["post-64","post","type-post","status-publish","format-standard","has-post-thumbnail","hentry","category-news-in-primo-piano"],"acf":{"seed-localization-paese-cod":"","seed-localization-address":"","seed-localization-citta":"","seed-localization-regione-cod-istat":"","seed-localization-citta-cod-istat":"","seed-localization-localita":"","seed-localization-cap":"","seed-localization-geo":{"lat":41.90552298770031,"lng":12.509441971778871,"zoom":10,"markers":[],"address":"","layers":["OpenStreetMap.Mapnik"]},"seed-localization-marker-visibility":false,"seed-localization-children-visibility":false,"seed-localization-kml":null,"seed-localization-custom-marker":null},"_links":{"self":[{"href":"https:\/\/diocesi.concordia-pordenone.it\/caritas\/wp-json\/wp\/v2\/posts\/64","targetHints":{"allow":["GET"]}}],"collection":[{"href":"https:\/\/diocesi.concordia-pordenone.it\/caritas\/wp-json\/wp\/v2\/posts"}],"about":[{"href":"https:\/\/diocesi.concordia-pordenone.it\/caritas\/wp-json\/wp\/v2\/types\/post"}],"author":[{"embeddable":true,"href":"https:\/\/diocesi.concordia-pordenone.it\/caritas\/wp-json\/wp\/v2\/users\/1"}],"replies":[{"embeddable":true,"href":"https:\/\/diocesi.concordia-pordenone.it\/caritas\/wp-json\/wp\/v2\/comments?post=64"}],"version-history":[{"count":0,"href":"https:\/\/diocesi.concordia-pordenone.it\/caritas\/wp-json\/wp\/v2\/posts\/64\/revisions"}],"wp:featuredmedia":[{"embeddable":true,"href":"https:\/\/diocesi.concordia-pordenone.it\/caritas\/wp-json\/wp\/v2\/media\/65"}],"wp:attachment":[{"href":"https:\/\/diocesi.concordia-pordenone.it\/caritas\/wp-json\/wp\/v2\/media?parent=64"}],"wp:term":[{"taxonomy":"category","embeddable":true,"href":"https:\/\/diocesi.concordia-pordenone.it\/caritas\/wp-json\/wp\/v2\/categories?post=64"},{"taxonomy":"post_tag","embeddable":true,"href":"https:\/\/diocesi.concordia-pordenone.it\/caritas\/wp-json\/wp\/v2\/tags?post=64"}],"curies":[{"name":"wp","href":"https:\/\/api.w.org\/{rel}","templated":true}]}}