{"id":653,"date":"2014-04-23T12:36:00","date_gmt":"2014-04-23T10:36:00","guid":{"rendered":"https:\/\/diocesi.concordia-pordenone.it\/caritas\/quando-la-citta-soffre\/"},"modified":"2014-04-23T12:36:00","modified_gmt":"2014-04-23T10:36:00","slug":"quando-la-citta-soffre","status":"publish","type":"post","link":"https:\/\/diocesi.concordia-pordenone.it\/caritas\/quando-la-citta-soffre\/","title":{"rendered":"Quando la citt\u00e0 soffre"},"content":{"rendered":"<div>Il progetto di ricerca &#8220;<strong>Quando la citt\u00e0 soffre<\/strong>&#8221; \u00e8 un&#8217;indagine di carattere antropologico e sociale, che parte dal presupposto per cui la tipologia di uomini e donne che si rivolgono agli enti e strutture di aiuto per chi \u00e8 senza casa e senza lavoro, alle associazioni di assistenza, ai centri d\u2019ascolto Caritas, \u00e8 estremamente varia ed eterogenea e non coincide con le figure consuete dell\u2019emarginazione sociale. Il progetto ha lo scopo di <strong>raccontare la sofferenza e il disagio della societ\u00e0 attuale in questi anni di crisi economica<\/strong>, in relazione ai luoghi concreti delle <strong>nostre citt\u00e0<\/strong>, dando voce con un registro innovativo e particolarmente attento alla dignit\u00e0 delle persone, sia alle forme di povert\u00e0 pi\u00f9 estreme, sia ai nuovi abitanti dei margini.<\/div>\n<div>Lo studio prevede una parte scritta e una parte di <strong>documentario video <\/strong>che racconti con rispetto e profonda empatia la <strong>quotidianit\u00e0 delle persone che vivono l&#8217;esperienza della precariet\u00e0, dell\u2019emarginazione e della strada<\/strong>.<\/div>\n<div>Per concludere la fase di post-produzione del documentario \u00e8 stato avviato un\u00a0<strong>crowdfunding\u00a0<\/strong>(raccolta fondi dal basso via internet), anche allo scopo di sensibilizzare quante pi\u00f9 persone possibile alle tematiche della povert\u00e0 e del disagio attraverso la costituzione di una comunit\u00e0 web. In questo senso la finalit\u00e0 ultima del progetto consiste nel fornire uno strumento capace di <strong>generare nuove forme di riflessione e animare nuove modalit\u00e0 di intervento per i poveri<\/strong>. Il 20% dei fondi raccolti nella campagna verr\u00e0 devoluto all&#8217;associazione \u201cClochard alla riscossa\u201d per il loro progetto \u201cUn sacco di vita\u201d, che ha lo scopo di acquistare sacchi a pelo per le persone in strada e consegnarli direttamente a loro. Perch\u00e9 non muoiano, per il freddo e l\u2019ipotermia del dormire in strada.<\/div>\n<div>\u00a0<\/div>\n<div>Per maggiori informazioni\u00a0e per sostenere la raccolta fondi:<\/div>\n<div>https:\/\/www.produzionidalbasso.com\/pdb_3167.html<\/div>\n<div>Qui troverete le istruzioni per partecipare e le ricompense relative al vostro prezioso supporto!<\/div>\n<hr class=\"wpba_attachment_hr\">","protected":false},"excerpt":{"rendered":"<p>Sostieni la raccolta fondi per la realizzazione del documentario &#8220;Quando la citt\u00e0 soffre&#8221;, un&#8217;indagine per raccontare la sofferenza e il disagio della societ\u00e0 attuale in questi anni di crisi economica, in relazione ai luoghi concreti delle nostre citt\u00e0. Entra per sapere come aderire!<\/p>\n","protected":false},"author":0,"featured_media":654,"comment_status":"closed","ping_status":"closed","sticky":false,"template":"","format":"standard","meta":{"_acf_changed":false,"footnotes":""},"categories":[5],"tags":[],"class_list":["post-653","post","type-post","status-publish","format-standard","has-post-thumbnail","hentry","category-altre-news"],"acf":{"seed-localization-paese-cod":"","seed-localization-address":"","seed-localization-citta":"","seed-localization-regione-cod-istat":"","seed-localization-citta-cod-istat":"","seed-localization-localita":"","seed-localization-cap":"","seed-localization-geo":{"lat":41.90552298770031,"lng":12.509441971778871,"zoom":10,"markers":[],"address":"","layers":["OpenStreetMap.Mapnik"]},"seed-localization-marker-visibility":false,"seed-localization-children-visibility":false,"seed-localization-kml":null,"seed-localization-custom-marker":null},"_links":{"self":[{"href":"https:\/\/diocesi.concordia-pordenone.it\/caritas\/wp-json\/wp\/v2\/posts\/653","targetHints":{"allow":["GET"]}}],"collection":[{"href":"https:\/\/diocesi.concordia-pordenone.it\/caritas\/wp-json\/wp\/v2\/posts"}],"about":[{"href":"https:\/\/diocesi.concordia-pordenone.it\/caritas\/wp-json\/wp\/v2\/types\/post"}],"author":[{"embeddable":true,"href":"https:\/\/diocesi.concordia-pordenone.it\/caritas\/wp-json\/wp\/v2\/users\/1"}],"replies":[{"embeddable":true,"href":"https:\/\/diocesi.concordia-pordenone.it\/caritas\/wp-json\/wp\/v2\/comments?post=653"}],"version-history":[{"count":0,"href":"https:\/\/diocesi.concordia-pordenone.it\/caritas\/wp-json\/wp\/v2\/posts\/653\/revisions"}],"wp:featuredmedia":[{"embeddable":true,"href":"https:\/\/diocesi.concordia-pordenone.it\/caritas\/wp-json\/wp\/v2\/media\/654"}],"wp:attachment":[{"href":"https:\/\/diocesi.concordia-pordenone.it\/caritas\/wp-json\/wp\/v2\/media?parent=653"}],"wp:term":[{"taxonomy":"category","embeddable":true,"href":"https:\/\/diocesi.concordia-pordenone.it\/caritas\/wp-json\/wp\/v2\/categories?post=653"},{"taxonomy":"post_tag","embeddable":true,"href":"https:\/\/diocesi.concordia-pordenone.it\/caritas\/wp-json\/wp\/v2\/tags?post=653"}],"curies":[{"name":"wp","href":"https:\/\/api.w.org\/{rel}","templated":true}]}}