{"id":657,"date":"2014-05-20T16:42:00","date_gmt":"2014-05-20T14:42:00","guid":{"rendered":"https:\/\/diocesi.concordia-pordenone.it\/caritas\/settimana-della-carita-convegno-2\/"},"modified":"2014-05-20T16:42:00","modified_gmt":"2014-05-20T14:42:00","slug":"settimana-della-carita-convegno-2","status":"publish","type":"post","link":"https:\/\/diocesi.concordia-pordenone.it\/caritas\/settimana-della-carita-convegno-2\/","title":{"rendered":"Settimana della Carit\u00e0 &#8211; convegno"},"content":{"rendered":"<div>Caritas Forania di Pordenone<\/div>\n<div>in collaborazione con la Caritas diocesana<\/div>\n<div>\u00a0<\/div>\n<div><strong>gioved\u00ec 22 maggio 2014, ore 20.30<\/strong><\/div>\n<div>Casa della Madonna Pellegrina, Pordenone<\/div>\n<div>\u00a0<\/div>\n<div><strong>MADONNA PELLEGRINA, UNA CASA CHE ACCOGLIE<\/strong><\/div>\n<div><strong>IMPEGNO DELLA CARITAS COME RISPOSTA ALLE NUOVE POVERT\u00c0<\/strong><\/div>\n<div>\u00a0<\/div>\n<div><strong>don Davide Schiavon<\/strong>, direttore della Caritas di Treviso<\/div>\n<div>\u00a0<\/div>\n<div>Introducono:<\/div>\n<div><strong>don Davide Corba<\/strong>, direttore della Caritas della diocesi di Concordia-Pordenone<\/div>\n<div><strong>Adriana Segato<\/strong>, responsabile del Centro d\u2019Ascolto diocesano<\/div>\n<div>\u00a0<\/div>\n<div>Intervengono:<\/div>\n<div><strong>don Galiano Lenardon<\/strong>, Emmaus<\/div>\n<div><strong>Sandro Castellari<\/strong>, Coop Oasi<\/div>\n<div>\u00a0<\/div>\n<hr class=\"wpba_attachment_hr\"><div id='wpba_attachment_list' class='wpba wpba-wrap'>\n<ul class='wpba-attachment-list unstyled'><li id='wpba_attachment_list_659' class='wpba-list-item pull-left'><img src='https:\/\/diocesi.concordia-pordenone.it\/caritas\/wp-content\/themes\/wp-starter-so\/icons\/document.png' width='16' height='20' class='wpba-icon pull-left'><a href='https:\/\/diocesi.concordia-pordenone.it\/caritas\/wp-content\/uploads\/sites\/3\/2021\/06\/manifesto-settimana-carita-2014.pdf' title='manifesto-settimana-carita-2014' class='wpba-link pull-left' target=\"_blank\">manifesto-settimana-carita-2014<\/a><\/li>\n<\/ul><\/div>\n","protected":false},"excerpt":{"rendered":"<p>Gioved\u00ec 22 maggio, alle ore 20.30, presso la Casa della Madonna Pellegrina a Pordenone,<br \/>\nsi terr\u00e0 il convegno &#8220;MADONNA PELLEGRINA, UNA CASA CHE ACCOGLIE. IMPEGNO DELLA CARITAS COME RISPOSTA ALLE NUOVE POVERT\u00c0&#8221;. L&#8217;incontro \u00e8 organizzato dalle Caritas della Forania di Pordenone, in collaborazione con la Caritas diocesana, all&#8217;interno della Settimana della Carit\u00e0. Entra per vedere il programma<\/p>\n","protected":false},"author":0,"featured_media":658,"comment_status":"closed","ping_status":"closed","sticky":false,"template":"","format":"standard","meta":{"_acf_changed":false,"footnotes":""},"categories":[5],"tags":[],"class_list":["post-657","post","type-post","status-publish","format-standard","has-post-thumbnail","hentry","category-altre-news"],"acf":{"seed-localization-paese-cod":"","seed-localization-address":"","seed-localization-citta":"","seed-localization-regione-cod-istat":"","seed-localization-citta-cod-istat":"","seed-localization-localita":"","seed-localization-cap":"","seed-localization-geo":{"lat":41.90552298770031,"lng":12.509441971778871,"zoom":10,"markers":[],"address":"","layers":["OpenStreetMap.Mapnik"]},"seed-localization-marker-visibility":false,"seed-localization-children-visibility":false,"seed-localization-kml":null,"seed-localization-custom-marker":null},"_links":{"self":[{"href":"https:\/\/diocesi.concordia-pordenone.it\/caritas\/wp-json\/wp\/v2\/posts\/657","targetHints":{"allow":["GET"]}}],"collection":[{"href":"https:\/\/diocesi.concordia-pordenone.it\/caritas\/wp-json\/wp\/v2\/posts"}],"about":[{"href":"https:\/\/diocesi.concordia-pordenone.it\/caritas\/wp-json\/wp\/v2\/types\/post"}],"author":[{"embeddable":true,"href":"https:\/\/diocesi.concordia-pordenone.it\/caritas\/wp-json\/wp\/v2\/users\/1"}],"replies":[{"embeddable":true,"href":"https:\/\/diocesi.concordia-pordenone.it\/caritas\/wp-json\/wp\/v2\/comments?post=657"}],"version-history":[{"count":0,"href":"https:\/\/diocesi.concordia-pordenone.it\/caritas\/wp-json\/wp\/v2\/posts\/657\/revisions"}],"wp:featuredmedia":[{"embeddable":true,"href":"https:\/\/diocesi.concordia-pordenone.it\/caritas\/wp-json\/wp\/v2\/media\/658"}],"wp:attachment":[{"href":"https:\/\/diocesi.concordia-pordenone.it\/caritas\/wp-json\/wp\/v2\/media?parent=657"}],"wp:term":[{"taxonomy":"category","embeddable":true,"href":"https:\/\/diocesi.concordia-pordenone.it\/caritas\/wp-json\/wp\/v2\/categories?post=657"},{"taxonomy":"post_tag","embeddable":true,"href":"https:\/\/diocesi.concordia-pordenone.it\/caritas\/wp-json\/wp\/v2\/tags?post=657"}],"curies":[{"name":"wp","href":"https:\/\/api.w.org\/{rel}","templated":true}]}}