{"id":67,"date":"2012-02-24T11:35:00","date_gmt":"2012-02-24T10:35:00","guid":{"rendered":"https:\/\/diocesi.concordia-pordenone.it\/caritas\/online-la-relazione-del-centro-di-ascolto-anno-2011\/"},"modified":"2012-02-24T11:35:00","modified_gmt":"2012-02-24T10:35:00","slug":"online-la-relazione-del-centro-di-ascolto-anno-2011","status":"publish","type":"post","link":"https:\/\/diocesi.concordia-pordenone.it\/caritas\/online-la-relazione-del-centro-di-ascolto-anno-2011\/","title":{"rendered":"Online la relazione del Centro di Ascolto &#8211; anno 2011"},"content":{"rendered":"<div><strong>Venerd\u00ec 24 febbraio 2012<\/strong>, presso l&#8217;<strong>Auditorium del Centro Pastorale Diocesano<\/strong> (Curia), a Pordenone \u00e8 stata presentata la relazione del Centro di Ascolto, sull&#8217;attivit\u00e0 dell&#8217;anno 2011.<\/div>\n<div>\u00a0<\/div>\n<div>La relazione del Centro d\u2019Ascolto Diocesano, come avviene ormai da 16 anni, prova a fornire una fotografia delle persone che con le loro storie di difficolt\u00e0 e di povert\u00e0 sono passate nel corso del 2011 presso la Caritas Diocesana.<\/div>\n<hr class=\"wpba_attachment_hr\"><div id='wpba_attachment_list' class='wpba wpba-wrap'>\n<ul class='wpba-attachment-list unstyled'><li id='wpba_attachment_list_69' class='wpba-list-item pull-left'><img src='https:\/\/diocesi.concordia-pordenone.it\/caritas\/wp-content\/themes\/wp-starter-so\/icons\/document.png' width='16' height='20' class='wpba-icon pull-left'><a href='https:\/\/diocesi.concordia-pordenone.it\/caritas\/wp-content\/uploads\/sites\/3\/2021\/06\/relazione-cda-2011.pdf' title='relazione-cda-2011' class='wpba-link pull-left' target=\"_blank\">relazione-cda-2011<\/a><\/li>\n<\/ul><\/div>\n","protected":false},"excerpt":{"rendered":"<p>Venerd\u00ec 24 febbraio 2012 \u00e8 stata presentata la relazione del Centro di Ascolto, sull&#8217;attivit\u00e0 dell&#8217;anno 2011. La relazione del Centro d\u2019Ascolto Diocesano, come avviene ormai da 16 anni, prova a fornire una fotografia delle persone che con le loro storie di difficolt\u00e0 e di povert\u00e0 sono passate nel corso del 2011 presso la Caritas Diocesana.<\/p>\n","protected":false},"author":0,"featured_media":68,"comment_status":"closed","ping_status":"closed","sticky":false,"template":"","format":"standard","meta":{"_acf_changed":false,"footnotes":""},"categories":[4],"tags":[],"class_list":["post-67","post","type-post","status-publish","format-standard","has-post-thumbnail","hentry","category-news-in-primo-piano"],"acf":{"seed-localization-paese-cod":"","seed-localization-address":"","seed-localization-citta":"","seed-localization-regione-cod-istat":"","seed-localization-citta-cod-istat":"","seed-localization-localita":"","seed-localization-cap":"","seed-localization-geo":{"lat":41.90552298770031,"lng":12.509441971778871,"zoom":10,"markers":[],"address":"","layers":["OpenStreetMap.Mapnik"]},"seed-localization-marker-visibility":false,"seed-localization-children-visibility":false,"seed-localization-kml":null,"seed-localization-custom-marker":null},"_links":{"self":[{"href":"https:\/\/diocesi.concordia-pordenone.it\/caritas\/wp-json\/wp\/v2\/posts\/67","targetHints":{"allow":["GET"]}}],"collection":[{"href":"https:\/\/diocesi.concordia-pordenone.it\/caritas\/wp-json\/wp\/v2\/posts"}],"about":[{"href":"https:\/\/diocesi.concordia-pordenone.it\/caritas\/wp-json\/wp\/v2\/types\/post"}],"author":[{"embeddable":true,"href":"https:\/\/diocesi.concordia-pordenone.it\/caritas\/wp-json\/wp\/v2\/users\/1"}],"replies":[{"embeddable":true,"href":"https:\/\/diocesi.concordia-pordenone.it\/caritas\/wp-json\/wp\/v2\/comments?post=67"}],"version-history":[{"count":0,"href":"https:\/\/diocesi.concordia-pordenone.it\/caritas\/wp-json\/wp\/v2\/posts\/67\/revisions"}],"wp:featuredmedia":[{"embeddable":true,"href":"https:\/\/diocesi.concordia-pordenone.it\/caritas\/wp-json\/wp\/v2\/media\/68"}],"wp:attachment":[{"href":"https:\/\/diocesi.concordia-pordenone.it\/caritas\/wp-json\/wp\/v2\/media?parent=67"}],"wp:term":[{"taxonomy":"category","embeddable":true,"href":"https:\/\/diocesi.concordia-pordenone.it\/caritas\/wp-json\/wp\/v2\/categories?post=67"},{"taxonomy":"post_tag","embeddable":true,"href":"https:\/\/diocesi.concordia-pordenone.it\/caritas\/wp-json\/wp\/v2\/tags?post=67"}],"curies":[{"name":"wp","href":"https:\/\/api.w.org\/{rel}","templated":true}]}}