{"id":677,"date":"2014-06-05T15:28:00","date_gmt":"2014-06-05T13:28:00","guid":{"rendered":"https:\/\/diocesi.concordia-pordenone.it\/caritas\/casa-san-giuseppe-in-festa-per-i-10-anni-di-attivita\/"},"modified":"2014-06-05T15:28:00","modified_gmt":"2014-06-05T13:28:00","slug":"casa-san-giuseppe-in-festa-per-i-10-anni-di-attivita","status":"publish","type":"post","link":"https:\/\/diocesi.concordia-pordenone.it\/caritas\/casa-san-giuseppe-in-festa-per-i-10-anni-di-attivita\/","title":{"rendered":"Casa San Giuseppe in festa per i 10 anni di attivit\u00e0"},"content":{"rendered":"<div>Casa San Giuseppe \u00e8 in festa per i primi 10 anni di attivit\u00e0!<\/div>\n<div>\u00a0<\/div>\n<div>I festeggiamenti si terranno<\/div>\n<div>\u00a0<\/div>\n<div style=\"text-align: center\"><strong>domenica 15 giugno 2014<\/strong><\/div>\n<div style=\"text-align: center\"><strong>a partire dalle ore 10.00 <br >presso la sede di Casa San Giuseppe<\/strong><\/div>\n<div style=\"text-align: center\"><strong>a Vallenoncello, in via Comugne 7 &#8211; Pordenone<\/strong><\/div>\n<div>\u00a0<\/div>\n<div>\u00a0<\/div>\n<div>Il programma prevede:<br ><strong>ore 10.00 &#8211; apertura festeggiamenti<br ><\/strong>\u00a0 &#8211; Laboratori e animazione per bambini<br >\u00a0 &#8211; Stand espositivi delle Associazioni del territorio<br >\u00a0 &#8211; Laboratori per adulti sull\u2019Autoproduzione e il Ben-essere<br ><\/div>\n<div>\u00a0<\/div>\n<div><strong>ore 12.00 &#8211; celebrazione<br ><\/strong><\/div>\n<div>\u00a0<\/div>\n<div><strong>ore 13.30 &#8211; pranzo<br ><\/strong><\/div>\n<div>\u00a0<\/div>\n<div>Nel <strong>pomeriggio<\/strong>:<br >\u00a0 &#8211; Presentazione del libro \u201cL\u2019altezza del cielo\u201d,\u00a0scritto da Elia Bianco,\u00a0illustrazioni di Monika Kwiatkowska<\/div>\n<div>\u00a0 &#8211; Lettura di Davide Frusteri<\/div>\n<div>\u00a0 &#8211; Musica dal vivo<\/div>\n<div>\u00a0<\/div>\n<div>Il pranzo \u00e8 su prenotazione ed \u00e8 prevista un\u2019offerta minima consigliata di 5 \u20ac (bambini esclusi).<br >Per prenotarsi (entro il\u00a012 giugno) contattare il numero 0434 578600 o il 348 3923925 o via mail all\u2019indirizzo info@abitamondo.it<\/div>\n<div>\u00a0<\/div>\n<div>L\u2019evento \u00e8 promosso da Caritas Diocesana di Concordia-Pordenone, Abitamondo Cooperativa Sociale<br >in collaborazione con: Gruppo Marciatori Vallenoncello, Associazioni e gruppi Vallenoncello &#8211; Progetto Genius Loci, Associazione Nuovi Vicini Onlus<br ><\/div>\n<hr class=\"wpba_attachment_hr\"><div id='wpba_attachment_list' class='wpba wpba-wrap'>\n<ul class='wpba-attachment-list unstyled'><li id='wpba_attachment_list_679' class='wpba-list-item pull-left'><img src='https:\/\/diocesi.concordia-pordenone.it\/caritas\/wp-content\/themes\/wp-starter-so\/icons\/document.png' width='16' height='20' class='wpba-icon pull-left'><a href='https:\/\/diocesi.concordia-pordenone.it\/caritas\/wp-content\/uploads\/sites\/3\/2021\/06\/invito-10-anni-casa-san-giuseppe_locandina.pdf' title='invito-10-anni-casa-san-giuseppe_locandina' class='wpba-link pull-left' target=\"_blank\">invito-10-anni-casa-san-giuseppe_locandina<\/a><\/li>\n<\/ul><\/div>\n","protected":false},"excerpt":{"rendered":"<p>Casa San Giuseppe \u00e8 in festa per i primi 10 anni di attivit\u00e0! I festeggiamenti si terranno domenica 15 giugno, a partire dalle ore 10.00, presso la sede di Casa San Giuseppe, a Vallenoncello (Pordenone), in via Comugne 7. Entra per conoscere il programma della giornata<\/p>\n","protected":false},"author":0,"featured_media":678,"comment_status":"closed","ping_status":"closed","sticky":false,"template":"","format":"standard","meta":{"_acf_changed":false,"footnotes":""},"categories":[5],"tags":[],"class_list":["post-677","post","type-post","status-publish","format-standard","has-post-thumbnail","hentry","category-altre-news"],"acf":{"seed-localization-paese-cod":"","seed-localization-address":"","seed-localization-citta":"","seed-localization-regione-cod-istat":"","seed-localization-citta-cod-istat":"","seed-localization-localita":"","seed-localization-cap":"","seed-localization-geo":{"lat":41.90552298770031,"lng":12.509441971778871,"zoom":10,"markers":[],"address":"","layers":["OpenStreetMap.Mapnik"]},"seed-localization-marker-visibility":false,"seed-localization-children-visibility":false,"seed-localization-kml":null,"seed-localization-custom-marker":null},"_links":{"self":[{"href":"https:\/\/diocesi.concordia-pordenone.it\/caritas\/wp-json\/wp\/v2\/posts\/677","targetHints":{"allow":["GET"]}}],"collection":[{"href":"https:\/\/diocesi.concordia-pordenone.it\/caritas\/wp-json\/wp\/v2\/posts"}],"about":[{"href":"https:\/\/diocesi.concordia-pordenone.it\/caritas\/wp-json\/wp\/v2\/types\/post"}],"author":[{"embeddable":true,"href":"https:\/\/diocesi.concordia-pordenone.it\/caritas\/wp-json\/wp\/v2\/users\/1"}],"replies":[{"embeddable":true,"href":"https:\/\/diocesi.concordia-pordenone.it\/caritas\/wp-json\/wp\/v2\/comments?post=677"}],"version-history":[{"count":0,"href":"https:\/\/diocesi.concordia-pordenone.it\/caritas\/wp-json\/wp\/v2\/posts\/677\/revisions"}],"wp:featuredmedia":[{"embeddable":true,"href":"https:\/\/diocesi.concordia-pordenone.it\/caritas\/wp-json\/wp\/v2\/media\/678"}],"wp:attachment":[{"href":"https:\/\/diocesi.concordia-pordenone.it\/caritas\/wp-json\/wp\/v2\/media?parent=677"}],"wp:term":[{"taxonomy":"category","embeddable":true,"href":"https:\/\/diocesi.concordia-pordenone.it\/caritas\/wp-json\/wp\/v2\/categories?post=677"},{"taxonomy":"post_tag","embeddable":true,"href":"https:\/\/diocesi.concordia-pordenone.it\/caritas\/wp-json\/wp\/v2\/tags?post=677"}],"curies":[{"name":"wp","href":"https:\/\/api.w.org\/{rel}","templated":true}]}}