{"id":692,"date":"2014-09-18T11:10:00","date_gmt":"2014-09-18T09:10:00","guid":{"rendered":"https:\/\/diocesi.concordia-pordenone.it\/caritas\/riscatti-vita-da-rifugiati-a-pordenone\/"},"modified":"2014-09-18T11:10:00","modified_gmt":"2014-09-18T09:10:00","slug":"riscatti-vita-da-rifugiati-a-pordenone","status":"publish","type":"post","link":"https:\/\/diocesi.concordia-pordenone.it\/caritas\/riscatti-vita-da-rifugiati-a-pordenone\/","title":{"rendered":"Riscatti &#8211; Vita da rifugiati a Pordenone"},"content":{"rendered":"<div>La mostra \u201c<strong>Riscatti<\/strong>\u201d, che da luned\u00ec 1 settembre lo Spazio Foto del Centro Culturale Casa A. Zanussi ospita, presenta le immagini del fotografo <strong>Alessandro Venier <\/strong>e le tavole dell\u2019illustratrice <strong>Monika Kwiatkowska<\/strong>.<br >Voluta in occasione della <strong>Giornata Mondiale per il Rifugiato <\/strong>dall\u2019<strong>associazione Nuovi Vicini onlus<\/strong>, braccio operativo della <strong>Caritas della Diocesi di Concordia-Pordenone<\/strong>, la mostra \u00e8 dedicata al rifugiato, un uomo, una donna o un bambino che arriva nel nostro Paese dopo aver percorso diverse terre africane, spesso il deserto e, attraverso il Mare Mediterraneo, approda sulle coste italiane, alla ricerca di un futuro migliore. Il rifugiato, infatti, fugge da una situazione di guerra, dall\u2019instabilit\u00e0 politica del suo Paese, dal quale \u00e8 spesso perseguitato. La cronaca di questi giorni rende particolarmente attuale questa esposizione, che vuole sottolineare l\u2019umanit\u00e0 delle persone che, affrontando un difficile e pericoloso viaggio, arrivano in Italia.<\/div>\n<div>Le fotografie di Alessandro Venier raccontano alcuni momenti della vita quotidiana di un gruppo di rifugiati che vengono ospitati dalla Casa del Lavoratore San Giuseppe e accolti dai progetti di accoglienza attivi a Pordenone e nei comuni limitrofi.<\/div>\n<div>Le illustrazioni di Monika Kwiatkowska narrano, invece, l\u2019esperienza del viaggio affrontato via mare, per raggiungere la libert\u00e0, attraverso gli occhi di un bambino. Sono immagini che, attraverso la sensibilit\u00e0 di un fotografo e di un\u2019illustratrice, raccontano due momenti della stessa storia. Un modo per avvicinarsi a queste persone che con coraggio affrontano i pericoli dell\u2019ignoto, alla ricerca di un futuro di libert\u00e0 e pace per se stessi e per la propria famiglia.<br >\u00a0\u00a0<br >\u00a0<br ><strong>La mostra \u00e8 aperta dall&#8217;1 settembre al 31 ottobre 2014<br >dal luned\u00ec al venerd\u00ec 9.00-19.00 <br >sabato 9.00-18.00 <br >domenica 15.30-19.00 <br >ingresso libero<\/strong><\/div>\n<div>\u00a0<\/div>\n<hr class=\"wpba_attachment_hr\"><div id='wpba_attachment_list' class='wpba wpba-wrap'>\n<ul class='wpba-attachment-list unstyled'><li id='wpba_attachment_list_694' class='wpba-list-item pull-left'><img src='https:\/\/diocesi.concordia-pordenone.it\/caritas\/wp-content\/themes\/wp-starter-so\/icons\/document.png' width='16' height='20' class='wpba-icon pull-left'><a href='https:\/\/diocesi.concordia-pordenone.it\/caritas\/wp-content\/uploads\/sites\/3\/2021\/06\/volantino-mostra-riscatti_venier.pdf' title='volantino-mostra-riscatti_venier' class='wpba-link pull-left' target=\"_blank\">volantino-mostra-riscatti_venier<\/a><\/li>\n<li id='wpba_attachment_list_695' class='wpba-list-item pull-left'><img src='https:\/\/diocesi.concordia-pordenone.it\/caritas\/wp-content\/themes\/wp-starter-so\/icons\/document.png' width='16' height='20' class='wpba-icon pull-left'><a href='https:\/\/diocesi.concordia-pordenone.it\/caritas\/wp-content\/uploads\/sites\/3\/2021\/06\/volantino-mostra-riscatti_monika.pdf' title='volantino-mostra-riscatti_monika' class='wpba-link pull-left' target=\"_blank\">volantino-mostra-riscatti_monika<\/a><\/li>\n<\/ul><\/div>\n","protected":false},"excerpt":{"rendered":"<p>Prorogata fino al 31 ottobre, presso lo Spazio Foto del Centro Culturale Casa A. Zanussi, a Pordenone, la mostra &#8220;Riscatti&#8221;, che presenta le immagini del fotografo Alessandro Venier e le tavole dell\u2019illustratrice Monika Kwiatkowska, dedicate ai rifugiati. Entra per saperne di pi\u00f9<\/p>\n","protected":false},"author":0,"featured_media":693,"comment_status":"closed","ping_status":"closed","sticky":false,"template":"","format":"standard","meta":{"_acf_changed":false,"footnotes":""},"categories":[5],"tags":[],"class_list":["post-692","post","type-post","status-publish","format-standard","has-post-thumbnail","hentry","category-altre-news"],"acf":{"seed-localization-paese-cod":"","seed-localization-address":"","seed-localization-citta":"","seed-localization-regione-cod-istat":"","seed-localization-citta-cod-istat":"","seed-localization-localita":"","seed-localization-cap":"","seed-localization-geo":{"lat":41.90552298770031,"lng":12.509441971778871,"zoom":10,"markers":[],"address":"","layers":["OpenStreetMap.Mapnik"]},"seed-localization-marker-visibility":false,"seed-localization-children-visibility":false,"seed-localization-kml":null,"seed-localization-custom-marker":null},"_links":{"self":[{"href":"https:\/\/diocesi.concordia-pordenone.it\/caritas\/wp-json\/wp\/v2\/posts\/692","targetHints":{"allow":["GET"]}}],"collection":[{"href":"https:\/\/diocesi.concordia-pordenone.it\/caritas\/wp-json\/wp\/v2\/posts"}],"about":[{"href":"https:\/\/diocesi.concordia-pordenone.it\/caritas\/wp-json\/wp\/v2\/types\/post"}],"author":[{"embeddable":true,"href":"https:\/\/diocesi.concordia-pordenone.it\/caritas\/wp-json\/wp\/v2\/users\/1"}],"replies":[{"embeddable":true,"href":"https:\/\/diocesi.concordia-pordenone.it\/caritas\/wp-json\/wp\/v2\/comments?post=692"}],"version-history":[{"count":0,"href":"https:\/\/diocesi.concordia-pordenone.it\/caritas\/wp-json\/wp\/v2\/posts\/692\/revisions"}],"wp:featuredmedia":[{"embeddable":true,"href":"https:\/\/diocesi.concordia-pordenone.it\/caritas\/wp-json\/wp\/v2\/media\/693"}],"wp:attachment":[{"href":"https:\/\/diocesi.concordia-pordenone.it\/caritas\/wp-json\/wp\/v2\/media?parent=692"}],"wp:term":[{"taxonomy":"category","embeddable":true,"href":"https:\/\/diocesi.concordia-pordenone.it\/caritas\/wp-json\/wp\/v2\/categories?post=692"},{"taxonomy":"post_tag","embeddable":true,"href":"https:\/\/diocesi.concordia-pordenone.it\/caritas\/wp-json\/wp\/v2\/tags?post=692"}],"curies":[{"name":"wp","href":"https:\/\/api.w.org\/{rel}","templated":true}]}}