{"id":696,"date":"2014-10-02T10:21:00","date_gmt":"2014-10-02T08:21:00","guid":{"rendered":"https:\/\/diocesi.concordia-pordenone.it\/caritas\/concerto-di-beneficenza-della-banda-musicale-della-gendarmeria-vaticana\/"},"modified":"2014-10-02T10:21:00","modified_gmt":"2014-10-02T08:21:00","slug":"concerto-di-beneficenza-della-banda-musicale-della-gendarmeria-vaticana","status":"publish","type":"post","link":"https:\/\/diocesi.concordia-pordenone.it\/caritas\/concerto-di-beneficenza-della-banda-musicale-della-gendarmeria-vaticana\/","title":{"rendered":"Concerto di beneficenza della Banda Musicale della Gendarmeria Vaticana"},"content":{"rendered":"<div>\u00a0<\/div>\n<div><strong>Luned\u00ec 20 ottobre 2014<br >alle ore 20.30<br ><\/strong><strong>presso il Teatro Verdi di Pordenone<br ><\/strong><\/div>\n<div>\u00a0<\/div>\n<div>si terr\u00e0 un <strong>concerto di beneficenza<br ><\/strong>della Banda Musicale del Corpo della Gendarmeria della Citt\u00e0 del Vaticano<\/div>\n<div>\u00a0<\/div>\n<div><strong>Il ricavato verr\u00e0 devoluto alla Caritas diocesana di Concordia-Pordenone<\/strong><\/div>\n<div>\u00a0<\/div>\n<div><br >Il costo dei biglietti \u00e8 di:<br >20 euro (platea)<br >15 euro (gallerie)<\/p>\n<p>Per informazioni: euro92@libero.it<\/p><\/div>\n<div>\u00a0<\/div>\n<hr class=\"wpba_attachment_hr\"><div id='wpba_attachment_list' class='wpba wpba-wrap'>\n<ul class='wpba-attachment-list unstyled'><li id='wpba_attachment_list_698' class='wpba-list-item pull-left'><img src='https:\/\/diocesi.concordia-pordenone.it\/caritas\/wp-content\/themes\/wp-starter-so\/icons\/document.png' width='16' height='20' class='wpba-icon pull-left'><a href='https:\/\/diocesi.concordia-pordenone.it\/caritas\/wp-content\/uploads\/sites\/3\/2021\/06\/concerto-beneficenza_20ottobre2014_web.pdf' title='concerto-beneficenza_20ottobre2014_web' class='wpba-link pull-left' target=\"_blank\">concerto-beneficenza_20ottobre2014_web<\/a><\/li>\n<\/ul><\/div>\n","protected":false},"excerpt":{"rendered":"<p>Luned\u00ec 20 ottobre, alle ore 20.30, presso il Teatro Verdi di Pordenone, si terr\u00e0 un concerto di beneficenza<br \/>\ndella Banda Musicale del Corpo della Gendarmeria della Citt\u00e0 del Vaticano. Il ricavato verr\u00e0 devoluto alla Caritas diocesana di Concordia-Pordenone. Entra per saperne di pi\u00f9<\/p>\n","protected":false},"author":0,"featured_media":697,"comment_status":"closed","ping_status":"closed","sticky":false,"template":"","format":"standard","meta":{"_acf_changed":false,"footnotes":""},"categories":[5],"tags":[],"class_list":["post-696","post","type-post","status-publish","format-standard","has-post-thumbnail","hentry","category-altre-news"],"acf":{"seed-localization-paese-cod":"","seed-localization-address":"","seed-localization-citta":"","seed-localization-regione-cod-istat":"","seed-localization-citta-cod-istat":"","seed-localization-localita":"","seed-localization-cap":"","seed-localization-geo":{"lat":41.90552298770031,"lng":12.509441971778871,"zoom":10,"markers":[],"address":"","layers":["OpenStreetMap.Mapnik"]},"seed-localization-marker-visibility":false,"seed-localization-children-visibility":false,"seed-localization-kml":null,"seed-localization-custom-marker":null},"_links":{"self":[{"href":"https:\/\/diocesi.concordia-pordenone.it\/caritas\/wp-json\/wp\/v2\/posts\/696","targetHints":{"allow":["GET"]}}],"collection":[{"href":"https:\/\/diocesi.concordia-pordenone.it\/caritas\/wp-json\/wp\/v2\/posts"}],"about":[{"href":"https:\/\/diocesi.concordia-pordenone.it\/caritas\/wp-json\/wp\/v2\/types\/post"}],"author":[{"embeddable":true,"href":"https:\/\/diocesi.concordia-pordenone.it\/caritas\/wp-json\/wp\/v2\/users\/1"}],"replies":[{"embeddable":true,"href":"https:\/\/diocesi.concordia-pordenone.it\/caritas\/wp-json\/wp\/v2\/comments?post=696"}],"version-history":[{"count":0,"href":"https:\/\/diocesi.concordia-pordenone.it\/caritas\/wp-json\/wp\/v2\/posts\/696\/revisions"}],"wp:featuredmedia":[{"embeddable":true,"href":"https:\/\/diocesi.concordia-pordenone.it\/caritas\/wp-json\/wp\/v2\/media\/697"}],"wp:attachment":[{"href":"https:\/\/diocesi.concordia-pordenone.it\/caritas\/wp-json\/wp\/v2\/media?parent=696"}],"wp:term":[{"taxonomy":"category","embeddable":true,"href":"https:\/\/diocesi.concordia-pordenone.it\/caritas\/wp-json\/wp\/v2\/categories?post=696"},{"taxonomy":"post_tag","embeddable":true,"href":"https:\/\/diocesi.concordia-pordenone.it\/caritas\/wp-json\/wp\/v2\/tags?post=696"}],"curies":[{"name":"wp","href":"https:\/\/api.w.org\/{rel}","templated":true}]}}