{"id":70,"date":"2011-01-20T17:16:00","date_gmt":"2011-01-20T16:16:00","guid":{"rendered":"https:\/\/diocesi.concordia-pordenone.it\/caritas\/4-incontro-formazione-2011-2012\/"},"modified":"2011-01-20T17:16:00","modified_gmt":"2011-01-20T16:16:00","slug":"4-incontro-formazione-2011-2012","status":"publish","type":"post","link":"https:\/\/diocesi.concordia-pordenone.it\/caritas\/4-incontro-formazione-2011-2012\/","title":{"rendered":"4\u00b0 incontro formazione 2011-2012"},"content":{"rendered":"<div><strong>16 &#8211; 17 &#8211; 18\u00a0aprile 2012<\/strong><\/div>\n<div><strong>OSPITALIT\u00c0\u00a0E ACCOGLIENZA<\/strong><\/div>\n<div><strong>I luoghi sul nostro territorio diocesano<\/strong><\/div>\n<div>\u00a0<\/div>\n<div>Prosegue il percorso formativo aperto a tutti i volontari delle Caritas parrocchiali, dei centri di ascolto, dei centri di distribuzione e delle altre realt\u00e0 caritative.<\/div>\n<div>\u00a0<\/div>\n<div>Il quarto incontro sar\u00e0 tenuto da operatori della Caritas diocesana e di altre realt\u00e0 quali alcune Caritas parrocchiali, che porteranno la loro esperienza\u00a0di accoglienza e ospitalit\u00e0: quale sensibilit\u00e0 nelle nostre comunit\u00e0 parrocchiali?<\/div>\n<div>\u00a0<\/div>\n<div>Le date:<\/div>\n<div>\n<div>Area Centro: <strong>luned\u00ec 16 aprile <\/strong>\u2013 ore 20.30 &#8211; Casa della Madonna Pellegrina (Via Madonna Pellegrina, 11)<\/div>\n<div>Area Nord: <strong>marted\u00ec 17 aprile <\/strong>\u2013 ore 20.30 &#8211; Casa della Giovent\u00f9 (Piazza Duomo \u2013 Spilimbergo)<\/div>\n<div>Area Sud: <strong>mercoled\u00ec 18 aprile <\/strong>\u2013 ore 20.30 &#8211; Oratorio Beata Vergine Regina (Via Sardegna, 40)<\/div>\n<\/div>\n<div>\u00a0<\/div>\n<div>\n<div>\u00a0<\/div>\n<div>Vai alla pagina dedicata<\/div>\n<\/div>\n<hr class=\"wpba_attachment_hr\"><div id='wpba_attachment_list' class='wpba wpba-wrap'>\n<ul class='wpba-attachment-list unstyled'><li id='wpba_attachment_list_72' class='wpba-list-item pull-left'><img src='https:\/\/diocesi.concordia-pordenone.it\/caritas\/wp-content\/themes\/wp-starter-so\/icons\/document.png' width='16' height='20' class='wpba-icon pull-left'><a href='https:\/\/diocesi.concordia-pordenone.it\/caritas\/wp-content\/uploads\/sites\/3\/2021\/06\/volantino-laboratori-2012-1.pdf' title='volantino-laboratori-2012-1' class='wpba-link pull-left' target=\"_blank\">volantino-laboratori-2012-1<\/a><\/li>\n<\/ul><\/div>\n","protected":false},"excerpt":{"rendered":"<p>Prosegue il percorso formativo aperto a tutti i volontari delle Caritas parrocchiali, dei centri di ascolto, dei centri di distribuzione e delle altre realt\u00e0 caritative.<br \/>\nIl quarto incontro sar\u00e0 tenuto da operatori della Caritas diocesana e di altre realt\u00e0 quali alcune Caritas parrocchiali, che porteranno la loro esperienza di accoglienza e ospitalit\u00e0: quale sensibilit\u00e0 nelle nostre comunit\u00e0 parrocchiali? Entra per scaricare il depliant del programma<\/p>\n","protected":false},"author":0,"featured_media":71,"comment_status":"closed","ping_status":"closed","sticky":false,"template":"","format":"standard","meta":{"_acf_changed":false,"footnotes":""},"categories":[4],"tags":[],"class_list":["post-70","post","type-post","status-publish","format-standard","has-post-thumbnail","hentry","category-news-in-primo-piano"],"acf":{"seed-localization-paese-cod":"","seed-localization-address":"","seed-localization-citta":"","seed-localization-regione-cod-istat":"","seed-localization-citta-cod-istat":"","seed-localization-localita":"","seed-localization-cap":"","seed-localization-geo":{"lat":41.90552298770031,"lng":12.509441971778871,"zoom":10,"markers":[],"address":"","layers":["OpenStreetMap.Mapnik"]},"seed-localization-marker-visibility":false,"seed-localization-children-visibility":false,"seed-localization-kml":null,"seed-localization-custom-marker":null},"_links":{"self":[{"href":"https:\/\/diocesi.concordia-pordenone.it\/caritas\/wp-json\/wp\/v2\/posts\/70","targetHints":{"allow":["GET"]}}],"collection":[{"href":"https:\/\/diocesi.concordia-pordenone.it\/caritas\/wp-json\/wp\/v2\/posts"}],"about":[{"href":"https:\/\/diocesi.concordia-pordenone.it\/caritas\/wp-json\/wp\/v2\/types\/post"}],"author":[{"embeddable":true,"href":"https:\/\/diocesi.concordia-pordenone.it\/caritas\/wp-json\/wp\/v2\/users\/1"}],"replies":[{"embeddable":true,"href":"https:\/\/diocesi.concordia-pordenone.it\/caritas\/wp-json\/wp\/v2\/comments?post=70"}],"version-history":[{"count":0,"href":"https:\/\/diocesi.concordia-pordenone.it\/caritas\/wp-json\/wp\/v2\/posts\/70\/revisions"}],"wp:featuredmedia":[{"embeddable":true,"href":"https:\/\/diocesi.concordia-pordenone.it\/caritas\/wp-json\/wp\/v2\/media\/71"}],"wp:attachment":[{"href":"https:\/\/diocesi.concordia-pordenone.it\/caritas\/wp-json\/wp\/v2\/media?parent=70"}],"wp:term":[{"taxonomy":"category","embeddable":true,"href":"https:\/\/diocesi.concordia-pordenone.it\/caritas\/wp-json\/wp\/v2\/categories?post=70"},{"taxonomy":"post_tag","embeddable":true,"href":"https:\/\/diocesi.concordia-pordenone.it\/caritas\/wp-json\/wp\/v2\/tags?post=70"}],"curies":[{"name":"wp","href":"https:\/\/api.w.org\/{rel}","templated":true}]}}