{"id":726,"date":"2015-06-16T16:49:00","date_gmt":"2015-06-16T14:49:00","guid":{"rendered":"https:\/\/diocesi.concordia-pordenone.it\/caritas\/inaugurazione-1-progetto-housing-sociale-fvg\/"},"modified":"2015-06-16T16:49:00","modified_gmt":"2015-06-16T14:49:00","slug":"inaugurazione-1-progetto-housing-sociale-fvg","status":"publish","type":"post","link":"https:\/\/diocesi.concordia-pordenone.it\/caritas\/inaugurazione-1-progetto-housing-sociale-fvg\/","title":{"rendered":"Inaugurazione 1\u00b0 Progetto Housing Sociale FVG"},"content":{"rendered":"<p><strong>Venerd\u00ec 19 giugno<\/strong>, a partire <strong>dalle 18.00<\/strong>, verr\u00e0 inaugurato il 1\u00b0 Progetto di Housing Sociale in Friuli Venezia Giulia: il condominio AbitaPordenone, a <strong>Pordenone<\/strong>, in viale Grigoletti 92.<br ><br \/>\n Si tratta del primo traguardo del percorso che \u00e8 stato avviato alcuni anni fa e che proseguir\u00e0 coinvolgendo anche altre comunit\u00e0 del Friuli Venezia Giulia; avremo l&#8217;opportunit\u00e0 di cogliere le specificit\u00e0 di questo progetto, quale uno degli strumenti di risposta al disagio abitativo.<\/p>\n<p> Per saperne di pi\u00f9, visita il sito della Cooperativa Abitamondo, che gestisce il progetto.<\/p>\n<hr class=\"wpba_attachment_hr\"><div id='wpba_attachment_list' class='wpba wpba-wrap'>\n<ul class='wpba-attachment-list unstyled'><li id='wpba_attachment_list_728' class='wpba-list-item pull-left'><img src='https:\/\/diocesi.concordia-pordenone.it\/caritas\/wp-content\/themes\/wp-starter-so\/icons\/landscape.png' width='16' height='20' class='wpba-icon pull-left'><a href='https:\/\/diocesi.concordia-pordenone.it\/caritas\/wp-content\/uploads\/sites\/3\/2021\/06\/inaugurazione-abitapordenone-19_06_2015.jpg' title='inaugurazione-abitapordenone-19_06_2015' class='wpba-link pull-left' target=\"_blank\">inaugurazione-abitapordenone-19_06_2015<\/a><\/li>\n<\/ul><\/div>\n","protected":false},"excerpt":{"rendered":"<p>Venerd\u00ec 19 giugno, a partire dalle 18.00, verr\u00e0 inaugurato il 1\u00b0 Progetto di Housing Sociale in Friuli Venezia Giulia: il condominio AbitaPordenone, a Pordenone, in viale Grigoletti 92. Si tratta del primo traguardo di un percorso alla ricerca di strumenti di risposta al disagio abitativo<\/p>\n","protected":false},"author":0,"featured_media":727,"comment_status":"closed","ping_status":"closed","sticky":false,"template":"","format":"standard","meta":{"_acf_changed":false,"footnotes":""},"categories":[5],"tags":[],"class_list":["post-726","post","type-post","status-publish","format-standard","has-post-thumbnail","hentry","category-altre-news"],"acf":{"seed-localization-paese-cod":"","seed-localization-address":"","seed-localization-citta":"","seed-localization-regione-cod-istat":"","seed-localization-citta-cod-istat":"","seed-localization-localita":"","seed-localization-cap":"","seed-localization-geo":{"lat":41.90552298770031,"lng":12.509441971778871,"zoom":10,"markers":[],"address":"","layers":["OpenStreetMap.Mapnik"]},"seed-localization-marker-visibility":false,"seed-localization-children-visibility":false,"seed-localization-kml":null,"seed-localization-custom-marker":null},"_links":{"self":[{"href":"https:\/\/diocesi.concordia-pordenone.it\/caritas\/wp-json\/wp\/v2\/posts\/726","targetHints":{"allow":["GET"]}}],"collection":[{"href":"https:\/\/diocesi.concordia-pordenone.it\/caritas\/wp-json\/wp\/v2\/posts"}],"about":[{"href":"https:\/\/diocesi.concordia-pordenone.it\/caritas\/wp-json\/wp\/v2\/types\/post"}],"author":[{"embeddable":true,"href":"https:\/\/diocesi.concordia-pordenone.it\/caritas\/wp-json\/wp\/v2\/users\/1"}],"replies":[{"embeddable":true,"href":"https:\/\/diocesi.concordia-pordenone.it\/caritas\/wp-json\/wp\/v2\/comments?post=726"}],"version-history":[{"count":0,"href":"https:\/\/diocesi.concordia-pordenone.it\/caritas\/wp-json\/wp\/v2\/posts\/726\/revisions"}],"wp:featuredmedia":[{"embeddable":true,"href":"https:\/\/diocesi.concordia-pordenone.it\/caritas\/wp-json\/wp\/v2\/media\/727"}],"wp:attachment":[{"href":"https:\/\/diocesi.concordia-pordenone.it\/caritas\/wp-json\/wp\/v2\/media?parent=726"}],"wp:term":[{"taxonomy":"category","embeddable":true,"href":"https:\/\/diocesi.concordia-pordenone.it\/caritas\/wp-json\/wp\/v2\/categories?post=726"},{"taxonomy":"post_tag","embeddable":true,"href":"https:\/\/diocesi.concordia-pordenone.it\/caritas\/wp-json\/wp\/v2\/tags?post=726"}],"curies":[{"name":"wp","href":"https:\/\/api.w.org\/{rel}","templated":true}]}}