{"id":751,"date":"2015-05-04T15:25:00","date_gmt":"2015-05-04T13:25:00","guid":{"rendered":"https:\/\/diocesi.concordia-pordenone.it\/caritas\/raccolta-straordinaria-indumenti-usati-6\/"},"modified":"2015-05-04T15:25:00","modified_gmt":"2015-05-04T13:25:00","slug":"raccolta-straordinaria-indumenti-usati-6","status":"publish","type":"post","link":"https:\/\/diocesi.concordia-pordenone.it\/caritas\/raccolta-straordinaria-indumenti-usati-6\/","title":{"rendered":"Raccolta straordinaria indumenti usati"},"content":{"rendered":"<div>\n<div><strong>SABATO 21 MAGGIO 2016<\/strong><\/div>\n<div>\u00a0<\/div>\n<div>La Caritas Diocesana, in collaborazione\u00a0con le parrocchie, effettua in tutta la diocesi una raccolta straordinaria di indumenti usati, che avr\u00e0 luogo <strong>sabato 21 maggio 2016<\/strong>.<\/div>\n<div>\u00a0<\/div>\n<div>\n<div><strong>Perch\u00e9 una raccolta di indumenti usati?<\/strong><\/div>\n<div>&#8211; per evitare sprechi: viene sottratta alla discarica una grande quantit\u00e0 di rifiuti, trasformandoli in risorse; inoltre si contribuisce alla riduzione dei costi della raccolta dei rifiuti urbani<\/div>\n<div>&#8211; per praticare la solidariet\u00e0: il ricavato della raccolta permetter\u00e0 di sostenere le attivit\u00e0 della Caritas a favore di chi \u00e8 nel bisogno<\/div>\n<div>&#8211; per favorire il coinvolgimento: con la raccolta si possono coinvolgere giovani e meno giovani nel dedicare del tempo agli altri<\/div>\n<div>\u00a0<\/div>\n<div>\n<div><strong>SI RACCOLGONO<\/strong>: abiti, maglieria, biancheria, cappelli, coperte, scarpe,\u00a0borse e cinture<\/div>\n<div><strong>NON SI RACCOLGONO<\/strong>: tessuti sporchi e unti, materassi, cuscini, tappeti, giocattoli, carrozzine, carta, metalli, plastica, vetro<\/div>\n<div>\u00a0<\/div>\n<div>La raccolta si effettua anche in caso di pioggia.<\/div>\n<div>\u00a0<\/div>\n<div>\n<div><strong>DISTRIBUZIONE SACCHETTI<\/strong>:\u00a0i sacchetti gialli, appositamente stampati, verranno distribuiti\u00a0alle famiglie da incaricati delle parrocchie e\/o durante le\u00a0messe\u00a0nelle settimane precedenti la raccolta; eventualmente si possono utilizzare anche altre borse di plastica, <strong>evitando i sacchi neri<\/strong>, che possono essere confusi con la spazzatura<\/div>\n<div><strong>RACCOLTA SACCHETTI<\/strong>:\u00a0ogni parrocchia sceglie autonomamente la modalit\u00e0 di raccolta dei sacchetti: utilizzare la modalit\u00e0 porta a porta o mettere a disposizione i locali parrocchiali per il conferimento autonomo<\/div>\n<div><strong>Per verificare la modalit\u00e0 scelta e, nel caso del porta a porta, gli orari di ritiro dei sacchetti, le famiglie possono contattare\u00a0la parrocchia di appartenenza<\/strong><\/div>\n<div>\u00a0<\/div>\n<div>GLI INDUMENTI RACCOLTI NON VANNO AL MACERO, MA VENGONO SELEZIONATI DA UNA DITTA SPECIALIZZATA<\/div>\n<div>(maggiori informazioni alla pagina dedicata)<\/div>\n<div>\u00a0<\/div>\n<div>\u00a0<\/div>\n<div>Per informazioni: 0434\u00a0546875 \/\u00a0546811\u00a0&#8211; caritas@diocesiconcordiapordenone.it (referente: Lisa Cinto)<\/div>\n<\/div>\n<\/div>\n<\/div>\n<\/div>\n<hr class=\"wpba_attachment_hr\"><div id='wpba_attachment_list' class='wpba wpba-wrap'>\n<ul class='wpba-attachment-list unstyled'><li id='wpba_attachment_list_753' class='wpba-list-item pull-left'><img src='https:\/\/diocesi.concordia-pordenone.it\/caritas\/wp-content\/themes\/wp-starter-so\/icons\/document.png' width='16' height='20' class='wpba-icon pull-left'><a href='https:\/\/diocesi.concordia-pordenone.it\/caritas\/wp-content\/uploads\/sites\/3\/2021\/06\/volantino-raccolta-indumenti-2016.pdf' title='volantino-raccolta-indumenti-2016' class='wpba-link pull-left' target=\"_blank\">volantino-raccolta-indumenti-2016<\/a><\/li>\n<li id='wpba_attachment_list_754' class='wpba-list-item pull-left'><img src='https:\/\/diocesi.concordia-pordenone.it\/caritas\/wp-content\/themes\/wp-starter-so\/icons\/document.png' width='16' height='20' class='wpba-icon pull-left'><a href='https:\/\/diocesi.concordia-pordenone.it\/caritas\/wp-content\/uploads\/sites\/3\/2021\/06\/parrocchie-aderenti_2016.pdf' title='parrocchie-aderenti_2016' class='wpba-link pull-left' target=\"_blank\">parrocchie-aderenti_2016<\/a><\/li>\n<\/ul><\/div>\n","protected":false},"excerpt":{"rendered":"<p>Sabato 21 maggio si effettuer\u00e0, in tutta la diocesi, una raccolta straordinaria di indumenti usati, a sostegno dei progetti di solidariet\u00e0 della Caritas diocesana. ENTRA PER SAPERE SE LA TUA PARROCCHIA ADERISCE. La raccolta si effettua anche in caso di pioggia. Per informazioni: 0434 546875 &#8211; caritas@diocesiconcordiapordenone.it (referente: Lisa Cinto)<\/p>\n","protected":false},"author":0,"featured_media":752,"comment_status":"closed","ping_status":"closed","sticky":false,"template":"","format":"standard","meta":{"_acf_changed":false,"footnotes":""},"categories":[5],"tags":[],"class_list":["post-751","post","type-post","status-publish","format-standard","has-post-thumbnail","hentry","category-altre-news"],"acf":{"seed-localization-paese-cod":"","seed-localization-address":"","seed-localization-citta":"","seed-localization-regione-cod-istat":"","seed-localization-citta-cod-istat":"","seed-localization-localita":"","seed-localization-cap":"","seed-localization-geo":{"lat":41.90552298770031,"lng":12.509441971778871,"zoom":10,"markers":[],"address":"","layers":["OpenStreetMap.Mapnik"]},"seed-localization-marker-visibility":false,"seed-localization-children-visibility":false,"seed-localization-kml":null,"seed-localization-custom-marker":null},"_links":{"self":[{"href":"https:\/\/diocesi.concordia-pordenone.it\/caritas\/wp-json\/wp\/v2\/posts\/751","targetHints":{"allow":["GET"]}}],"collection":[{"href":"https:\/\/diocesi.concordia-pordenone.it\/caritas\/wp-json\/wp\/v2\/posts"}],"about":[{"href":"https:\/\/diocesi.concordia-pordenone.it\/caritas\/wp-json\/wp\/v2\/types\/post"}],"author":[{"embeddable":true,"href":"https:\/\/diocesi.concordia-pordenone.it\/caritas\/wp-json\/wp\/v2\/users\/1"}],"replies":[{"embeddable":true,"href":"https:\/\/diocesi.concordia-pordenone.it\/caritas\/wp-json\/wp\/v2\/comments?post=751"}],"version-history":[{"count":0,"href":"https:\/\/diocesi.concordia-pordenone.it\/caritas\/wp-json\/wp\/v2\/posts\/751\/revisions"}],"wp:featuredmedia":[{"embeddable":true,"href":"https:\/\/diocesi.concordia-pordenone.it\/caritas\/wp-json\/wp\/v2\/media\/752"}],"wp:attachment":[{"href":"https:\/\/diocesi.concordia-pordenone.it\/caritas\/wp-json\/wp\/v2\/media?parent=751"}],"wp:term":[{"taxonomy":"category","embeddable":true,"href":"https:\/\/diocesi.concordia-pordenone.it\/caritas\/wp-json\/wp\/v2\/categories?post=751"},{"taxonomy":"post_tag","embeddable":true,"href":"https:\/\/diocesi.concordia-pordenone.it\/caritas\/wp-json\/wp\/v2\/tags?post=751"}],"curies":[{"name":"wp","href":"https:\/\/api.w.org\/{rel}","templated":true}]}}