{"id":76,"date":"2012-05-22T12:27:00","date_gmt":"2012-05-22T10:27:00","guid":{"rendered":"https:\/\/diocesi.concordia-pordenone.it\/caritas\/terremoto-in-emilia\/"},"modified":"2012-05-22T12:27:00","modified_gmt":"2012-05-22T10:27:00","slug":"terremoto-in-emilia","status":"publish","type":"post","link":"https:\/\/diocesi.concordia-pordenone.it\/caritas\/terremoto-in-emilia\/","title":{"rendered":"Terremoto in Emilia"},"content":{"rendered":"<div><strong>UNA COLLETTA PER I TERREMOTATI<\/strong><\/div>\n<div>\u00a0<\/div>\n<div>\n<div><strong>Domenica 10 giugno <\/strong>in tutte le chiese: &#8220;Una colletta per i terremotati&#8221;. I Vescovi italiani partecipano alle sofferenze delle popolazioni dell\u2019Emilia Romagna, provate dal terremoto. La Presidenza della CEI, dopo aver messo a disposizione\u00a0tre milioni di euro provenienti dai fondi dell&#8217;otto per mille, indice una colletta nazionale da tenersi in tutte le chiese domenica 10 giugno, solennit\u00e0 del Corpus Domini. Il ricavato dovr\u00e0 essere consegnato tempestivamente alle rispettive Caritas diocesane, che provvederanno a inoltrarlo a Caritas Italiana, gi\u00e0 operativa nelle zone colpite con un proprio Centro di coordinamento.<\/div>\n<\/div>\n<div>\u00a0<\/div>\n<div>Fin da subito le Caritas diocesane del Triveneto si sono attivate, sotto il coordinamento di Caritas Italiana, per dare un aiuto concreto e un segno di vicinanza alle popolazioni colpite.<\/div>\n<div>Prosegue, quindi, anche la raccolta fondi attivata dalle\u00a0Caritas Diocesane del Triveneto.<\/div>\n<div>\u00a0<\/div>\n<div>Per sostenere la colletta (<strong>causale \u201cTERREMOTO 2012\u201d<\/strong>) si possono inviare offerte alla Caritas Diocesana di Concordia-Pordenone:<\/div>\n<div>\u00a0<\/div>\n<div>&#8211; consegna dell\u2019offerta presso gli <strong>uffici<\/strong>: da luned\u00ec a venerd\u00ec 9.00-12.30 \/ 14.30-17.00<\/div>\n<div>&#8211; versamento sul <strong>c\/c postale <\/strong>n. 000011507597<\/div>\n<div>&#8211; bonifico bancario intestato a:<\/div>\n<div>\u00a0<\/div>\n<div><strong>Banca FriulAdria &#8211; Cr\u00e9dit Agricole<\/strong><\/div>\n<div>c\/c\u00a000004031561<\/div>\n<div>ABI 05336 &#8211; CAB 12500 &#8211; IBAN IT 09 E 05336 12500 000040301561<\/div>\n<div>\u00a0<\/div>\n<div><strong>Banca Popolare Etica<\/strong><\/div>\n<div>c\/c 000000105618<\/div>\n<div>ABI 05018 &#8211; CAB 12000 &#8211; IBAN: IT 22 M 05018 12000 000000105618<\/div>\n<div>\u00a0<\/div>\n<div><strong>Poste Italiane<\/strong><\/div>\n<div>c\/c 000011507597<\/div>\n<div>ABI 07601 &#8211; CAB 12500 &#8211; IBAN IT 94 X 07601 12500 000011507597<\/div>\n<div>\u00a0<\/div>\n<hr class=\"wpba_attachment_hr\"><div id='wpba_attachment_list' class='wpba wpba-wrap'>\n<ul class='wpba-attachment-list unstyled'><li id='wpba_attachment_list_78' class='wpba-list-item pull-left'><img src='https:\/\/diocesi.concordia-pordenone.it\/caritas\/wp-content\/themes\/wp-starter-so\/icons\/document.png' width='16' height='20' class='wpba-icon pull-left'><a href='https:\/\/diocesi.concordia-pordenone.it\/caritas\/wp-content\/uploads\/sites\/3\/2021\/06\/terremoto-nord-italia_aggiornamento-6_06_2012_web.pdf' title='terremoto-nord-italia_aggiornamento-6_06_2012_web' class='wpba-link pull-left' target=\"_blank\">terremoto-nord-italia_aggiornamento-6_06_2012_web<\/a><\/li>\n<li id='wpba_attachment_list_79' class='wpba-list-item pull-left'><img src='https:\/\/diocesi.concordia-pordenone.it\/caritas\/wp-content\/themes\/wp-starter-so\/icons\/document.png' width='16' height='20' class='wpba-icon pull-left'><a href='https:\/\/diocesi.concordia-pordenone.it\/caritas\/wp-content\/uploads\/sites\/3\/2021\/06\/terremoto-emilia_comunicato-29_05_2012.pdf' title='terremoto-emilia_comunicato-29_05_2012' class='wpba-link pull-left' target=\"_blank\">terremoto-emilia_comunicato-29_05_2012<\/a><\/li>\n<li id='wpba_attachment_list_80' class='wpba-list-item pull-left'><img src='https:\/\/diocesi.concordia-pordenone.it\/caritas\/wp-content\/themes\/wp-starter-so\/icons\/document.png' width='16' height='20' class='wpba-icon pull-left'><a href='https:\/\/diocesi.concordia-pordenone.it\/caritas\/wp-content\/uploads\/sites\/3\/2021\/06\/poster_terremotonorditalia_A3.pdf' title='poster_terremotonorditalia_A3' class='wpba-link pull-left' target=\"_blank\">poster_terremotonorditalia_A3<\/a><\/li>\n<li id='wpba_attachment_list_81' class='wpba-list-item pull-left'><img src='https:\/\/diocesi.concordia-pordenone.it\/caritas\/wp-content\/themes\/wp-starter-so\/icons\/document.png' width='16' height='20' class='wpba-icon pull-left'><a href='https:\/\/diocesi.concordia-pordenone.it\/caritas\/wp-content\/uploads\/sites\/3\/2021\/06\/terremoto-emilia_comunicato-23_05_2012.pdf' title='terremoto-emilia_comunicato-23_05_2012' class='wpba-link pull-left' target=\"_blank\">terremoto-emilia_comunicato-23_05_2012<\/a><\/li>\n<li id='wpba_attachment_list_82' class='wpba-list-item pull-left'><img src='https:\/\/diocesi.concordia-pordenone.it\/caritas\/wp-content\/themes\/wp-starter-so\/icons\/document.png' width='16' height='20' class='wpba-icon pull-left'><a href='https:\/\/diocesi.concordia-pordenone.it\/caritas\/wp-content\/uploads\/sites\/3\/2021\/06\/terremoto-emilia_comunicato-30_05_2012.pdf' title='terremoto-emilia_comunicato-30_05_2012' class='wpba-link pull-left' target=\"_blank\">terremoto-emilia_comunicato-30_05_2012<\/a><\/li>\n<\/ul><\/div>\n","protected":false},"excerpt":{"rendered":"<p>Domenica 10 giugno in tutte le chiese: &#8220;Una colletta per i terremotati&#8221; dell&#8217;Emilia Romagna. La Presidenza della CEI, dopo il primo stanziamento di un milione di euro, destina all\u2019emergenza altri due milioni, prelevandoli dai fondi per l\u2019otto per mille, e indice una colletta nazionale da tenersi in tutte le chiese domenica 10 giugno. Il ricavato sar\u00e0 consegnato tempestivamente alla Caritas diocesana, che provveder\u00e0 a inoltrarlo a Caritas Italiana, gi\u00e0 operativa nelle zone colpite con un proprio Centro di coordinamento. Continua anche la raccolta fondi delle Caritas Diocesane del Triveneto. Leggi tutto per sapere come contribuire<\/p>\n","protected":false},"author":0,"featured_media":77,"comment_status":"closed","ping_status":"closed","sticky":false,"template":"","format":"standard","meta":{"_acf_changed":false,"footnotes":""},"categories":[4],"tags":[],"class_list":["post-76","post","type-post","status-publish","format-standard","has-post-thumbnail","hentry","category-news-in-primo-piano"],"acf":{"seed-localization-paese-cod":"","seed-localization-address":"","seed-localization-citta":"","seed-localization-regione-cod-istat":"","seed-localization-citta-cod-istat":"","seed-localization-localita":"","seed-localization-cap":"","seed-localization-geo":{"lat":41.90552298770031,"lng":12.509441971778871,"zoom":10,"markers":[],"address":"","layers":["OpenStreetMap.Mapnik"]},"seed-localization-marker-visibility":false,"seed-localization-children-visibility":false,"seed-localization-kml":null,"seed-localization-custom-marker":null},"_links":{"self":[{"href":"https:\/\/diocesi.concordia-pordenone.it\/caritas\/wp-json\/wp\/v2\/posts\/76","targetHints":{"allow":["GET"]}}],"collection":[{"href":"https:\/\/diocesi.concordia-pordenone.it\/caritas\/wp-json\/wp\/v2\/posts"}],"about":[{"href":"https:\/\/diocesi.concordia-pordenone.it\/caritas\/wp-json\/wp\/v2\/types\/post"}],"author":[{"embeddable":true,"href":"https:\/\/diocesi.concordia-pordenone.it\/caritas\/wp-json\/wp\/v2\/users\/1"}],"replies":[{"embeddable":true,"href":"https:\/\/diocesi.concordia-pordenone.it\/caritas\/wp-json\/wp\/v2\/comments?post=76"}],"version-history":[{"count":0,"href":"https:\/\/diocesi.concordia-pordenone.it\/caritas\/wp-json\/wp\/v2\/posts\/76\/revisions"}],"wp:featuredmedia":[{"embeddable":true,"href":"https:\/\/diocesi.concordia-pordenone.it\/caritas\/wp-json\/wp\/v2\/media\/77"}],"wp:attachment":[{"href":"https:\/\/diocesi.concordia-pordenone.it\/caritas\/wp-json\/wp\/v2\/media?parent=76"}],"wp:term":[{"taxonomy":"category","embeddable":true,"href":"https:\/\/diocesi.concordia-pordenone.it\/caritas\/wp-json\/wp\/v2\/categories?post=76"},{"taxonomy":"post_tag","embeddable":true,"href":"https:\/\/diocesi.concordia-pordenone.it\/caritas\/wp-json\/wp\/v2\/tags?post=76"}],"curies":[{"name":"wp","href":"https:\/\/api.w.org\/{rel}","templated":true}]}}