{"id":813,"date":"2017-01-17T14:57:00","date_gmt":"2017-01-17T13:57:00","guid":{"rendered":"https:\/\/diocesi.concordia-pordenone.it\/caritas\/terremoto-centro-italia-lemergenza-continua-2\/"},"modified":"2017-01-17T14:57:00","modified_gmt":"2017-01-17T13:57:00","slug":"terremoto-centro-italia-lemergenza-continua-2","status":"publish","type":"post","link":"https:\/\/diocesi.concordia-pordenone.it\/caritas\/terremoto-centro-italia-lemergenza-continua-2\/","title":{"rendered":"Terremoto Centro Italia: l&#8217;emergenza continua"},"content":{"rendered":"<div>\n<div><strong>NEVE E NUOVE SCOSSE METTONO A DURA PROVA LE COMUNIT\u00c0 LOCALI<\/strong><\/div>\n<div><strong>gennaio 2017<\/strong><\/div>\n<div>\u00a0<\/div>\n<div>La terra ha ripreso a tremare e ci sono state purtroppo nuove vittime.<\/div>\n<div>A quasi cinque mesi dalla prima scossa, il pensiero va a quanti sono nelle zone dell\u2019Italia centrale, dove la Caritas moltiplica l\u2019impegno accanto alle popolazioni duramente provate anche dalla neve, che rende difficoltosi gli spostamenti e non consente di raggiungere alcune frazioni. Terremoto e neve, un mix micidiale che ha provocato altre vittime.<br ><\/div>\n<div>\u00a0<\/div>\n<div><strong>Caritas prosegue nel suo impegno di aiuto alle popolazioni colpite<\/strong>. Grazie alla <strong>colletta nazionale del 18 settembre<\/strong> e alla generosa risposta solidale, sono finora pervenuti a Caritas Italiana <strong>circa 21,6 milioni di euro<\/strong>, incluso il milione messo a disposizione dalla CEI. Oltre a proseguire con aiuti concreti, la priorit\u00e0 ora \u00e8 di restare in ascolto delle comunit\u00e0 locali e portare all\u2019attenzione delle istituzioni questo ascolto di tanti che soffrono, sono isolati, disillusi dalle troppe promesse fatte e non mantenute. Un carico di interrogativi che esige doverose risposte, da quelle pi\u00f9 immediate alle scelte di ricostruzione, da cui dipende il futuro di queste persone.<\/div>\n<div>\u00a0<\/div>\n<p><strong>Non sono previste raccolte di viveri, vestiario o altro materiale.<\/strong><\/p>\n<div><strong>Si pu\u00f2 essere d&#8217;aiuto aderendo alla raccolta fondi.<\/strong><\/div>\n<div>\u00a0<\/div>\n<div>\u00a0<\/div>\n<div><strong>Per aiutare la popolazione in difficolt\u00e0 si pu\u00f2:<\/strong><\/div>\n<div>\u00a0<\/div>\n<div>consegnare un\u2019offerta <strong>presso gli uffici della Caritas Diocesana<\/strong><\/div>\n<div>in via Madonna Pellegrina 11, a Pordenone<\/div>\n<div>da luned\u00ec a venerd\u00ec 9.00-12.30 \/ 14.30-16.00<\/div>\n<div>\u00a0<\/div>\n<div>contribuire, scrivendo la <strong>causale \u201cColletta terremoto Centro Italia\u201d<\/strong>,<\/div>\n<div>utilizzando il c\/c intestato a Caritas Diocesana di Concordia-Pordenone <br ><\/div>\n<div>presso:<\/div>\n<div>Banca FriulAdria &#8211; Cr\u00e9dit Agricole<\/div>\n<p>IBAN IT 09 E 05336 12500 000040301561<\/p>\n<div>\u00a0<\/div>\n<p>\u00a0 <br ><\/p>\n<div>\u00a0<\/div>\n<div>\u00a0<\/div>\n<\/div>\n<hr class=\"wpba_attachment_hr\"><div id='wpba_attachment_list' class='wpba wpba-wrap'>\n<ul class='wpba-attachment-list unstyled'><li id='wpba_attachment_list_815' class='wpba-list-item pull-left'><img src='https:\/\/diocesi.concordia-pordenone.it\/caritas\/wp-content\/themes\/wp-starter-so\/icons\/document.png' width='16' height='20' class='wpba-icon pull-left'><a href='https:\/\/diocesi.concordia-pordenone.it\/caritas\/wp-content\/uploads\/sites\/3\/2021\/06\/comunicato-caritas-italiana-23_11_2016-1.pdf' title='comunicato-caritas-italiana-23_11_2016-1' class='wpba-link pull-left' target=\"_blank\">comunicato-caritas-italiana-23_11_2016-1<\/a><\/li>\n<li id='wpba_attachment_list_816' class='wpba-list-item pull-left'><img src='https:\/\/diocesi.concordia-pordenone.it\/caritas\/wp-content\/themes\/wp-starter-so\/icons\/document.png' width='16' height='20' class='wpba-icon pull-left'><a href='https:\/\/diocesi.concordia-pordenone.it\/caritas\/wp-content\/uploads\/sites\/3\/2021\/06\/comunicato-caritas-italiana-24_08_2016-2.pdf' title='comunicato-caritas-italiana-24_08_2016-2' class='wpba-link pull-left' target=\"_blank\">comunicato-caritas-italiana-24_08_2016-2<\/a><\/li>\n<li id='wpba_attachment_list_817' class='wpba-list-item pull-left'><img src='https:\/\/diocesi.concordia-pordenone.it\/caritas\/wp-content\/themes\/wp-starter-so\/icons\/document.png' width='16' height='20' class='wpba-icon pull-left'><a href='https:\/\/diocesi.concordia-pordenone.it\/caritas\/wp-content\/uploads\/sites\/3\/2021\/06\/comunicato-caritas-italiana-26_08_2016-2.pdf' title='comunicato-caritas-italiana-26_08_2016-2' class='wpba-link pull-left' target=\"_blank\">comunicato-caritas-italiana-26_08_2016-2<\/a><\/li>\n<li id='wpba_attachment_list_818' class='wpba-list-item pull-left'><img src='https:\/\/diocesi.concordia-pordenone.it\/caritas\/wp-content\/themes\/wp-starter-so\/icons\/document.png' width='16' height='20' class='wpba-icon pull-left'><a href='https:\/\/diocesi.concordia-pordenone.it\/caritas\/wp-content\/uploads\/sites\/3\/2021\/06\/comunicato-caritas-italiana-19_01_2017-1.pdf' title='comunicato-caritas-italiana-19_01_2017-1' class='wpba-link pull-left' target=\"_blank\">comunicato-caritas-italiana-19_01_2017-1<\/a><\/li>\n<li id='wpba_attachment_list_819' class='wpba-list-item pull-left'><img src='https:\/\/diocesi.concordia-pordenone.it\/caritas\/wp-content\/themes\/wp-starter-so\/icons\/document.png' width='16' height='20' class='wpba-icon pull-left'><a href='https:\/\/diocesi.concordia-pordenone.it\/caritas\/wp-content\/uploads\/sites\/3\/2021\/06\/comunicato-caritas-italiana-24_10_2016-1.pdf' title='comunicato-caritas-italiana-24_10_2016-1' class='wpba-link pull-left' target=\"_blank\">comunicato-caritas-italiana-24_10_2016-1<\/a><\/li>\n<li id='wpba_attachment_list_820' class='wpba-list-item pull-left'><img src='https:\/\/diocesi.concordia-pordenone.it\/caritas\/wp-content\/themes\/wp-starter-so\/icons\/document.png' width='16' height='20' class='wpba-icon pull-left'><a href='https:\/\/diocesi.concordia-pordenone.it\/caritas\/wp-content\/uploads\/sites\/3\/2021\/06\/locandina_colletta_terremoto2016_caritas_pordenone-2.pdf' title='locandina_colletta_terremoto2016_caritas_pordenone-2' class='wpba-link pull-left' target=\"_blank\">locandina_colletta_terremoto2016_caritas_pordenone-2<\/a><\/li>\n<li id='wpba_attachment_list_821' class='wpba-list-item pull-left'><img src='https:\/\/diocesi.concordia-pordenone.it\/caritas\/wp-content\/themes\/wp-starter-so\/icons\/document.png' width='16' height='20' class='wpba-icon pull-left'><a href='https:\/\/diocesi.concordia-pordenone.it\/caritas\/wp-content\/uploads\/sites\/3\/2021\/06\/comunicato-caritas-italiana-27_10_2016-1.pdf' title='comunicato-caritas-italiana-27_10_2016-1' class='wpba-link pull-left' target=\"_blank\">comunicato-caritas-italiana-27_10_2016-1<\/a><\/li>\n<li id='wpba_attachment_list_822' class='wpba-list-item pull-left'><img src='https:\/\/diocesi.concordia-pordenone.it\/caritas\/wp-content\/themes\/wp-starter-so\/icons\/document.png' width='16' height='20' class='wpba-icon pull-left'><a href='https:\/\/diocesi.concordia-pordenone.it\/caritas\/wp-content\/uploads\/sites\/3\/2021\/06\/comunicato-caritas-italiana-25_08_2016-2.pdf' title='comunicato-caritas-italiana-25_08_2016-2' class='wpba-link pull-left' target=\"_blank\">comunicato-caritas-italiana-25_08_2016-2<\/a><\/li>\n<li id='wpba_attachment_list_823' class='wpba-list-item pull-left'><img src='https:\/\/diocesi.concordia-pordenone.it\/caritas\/wp-content\/themes\/wp-starter-so\/icons\/document.png' width='16' height='20' class='wpba-icon pull-left'><a href='https:\/\/diocesi.concordia-pordenone.it\/caritas\/wp-content\/uploads\/sites\/3\/2021\/06\/comunicato-caritas-italiana-23_09_2016-2.pdf' title='comunicato-caritas-italiana-23_09_2016-2' class='wpba-link pull-left' target=\"_blank\">comunicato-caritas-italiana-23_09_2016-2<\/a><\/li>\n<li id='wpba_attachment_list_824' class='wpba-list-item pull-left'><img src='https:\/\/diocesi.concordia-pordenone.it\/caritas\/wp-content\/themes\/wp-starter-so\/icons\/document.png' width='16' height='20' class='wpba-icon pull-left'><a href='https:\/\/diocesi.concordia-pordenone.it\/caritas\/wp-content\/uploads\/sites\/3\/2021\/06\/comunicato-caritas-italiana-10_11_2016-1.pdf' title='comunicato-caritas-italiana-10_11_2016-1' class='wpba-link pull-left' target=\"_blank\">comunicato-caritas-italiana-10_11_2016-1<\/a><\/li>\n<li id='wpba_attachment_list_825' class='wpba-list-item pull-left'><img src='https:\/\/diocesi.concordia-pordenone.it\/caritas\/wp-content\/themes\/wp-starter-so\/icons\/document.png' width='16' height='20' class='wpba-icon pull-left'><a href='https:\/\/diocesi.concordia-pordenone.it\/caritas\/wp-content\/uploads\/sites\/3\/2021\/06\/dossier-ecologia-umana_agosto-2016-3.pdf' title='dossier-ecologia-umana_agosto-2016-3' class='wpba-link pull-left' target=\"_blank\">dossier-ecologia-umana_agosto-2016-3<\/a><\/li>\n<\/ul><\/div>\n","protected":false},"excerpt":{"rendered":"<p>La terra ha ripreso a tremare e ci sono state purtroppo nuove vittime. Neve e nuove scosse mettono a dura prova le comunit\u00e0 locali. A quasi cinque mesi dalla prima scossa, il pensiero va a quanti sono nelle zone dell\u2019Italia centrale, dove la Caritas moltiplica l\u2019impegno accanto alle popolazioni duramente provate anche dalla neve, che rende difficoltosi gli spostamenti e non consente di raggiungere alcune frazioni. Anche la Caritas Diocesana prosegue nella raccolta fondi per aiutare le popolazioni colpite. Entra per sapere come contribuire<\/p>\n","protected":false},"author":0,"featured_media":814,"comment_status":"closed","ping_status":"closed","sticky":false,"template":"","format":"standard","meta":{"_acf_changed":false,"footnotes":""},"categories":[5],"tags":[],"class_list":["post-813","post","type-post","status-publish","format-standard","has-post-thumbnail","hentry","category-altre-news"],"acf":{"seed-localization-paese-cod":"","seed-localization-address":"","seed-localization-citta":"","seed-localization-regione-cod-istat":"","seed-localization-citta-cod-istat":"","seed-localization-localita":"","seed-localization-cap":"","seed-localization-geo":{"lat":41.90552298770031,"lng":12.509441971778871,"zoom":10,"markers":[],"address":"","layers":["OpenStreetMap.Mapnik"]},"seed-localization-marker-visibility":false,"seed-localization-children-visibility":false,"seed-localization-kml":null,"seed-localization-custom-marker":null},"_links":{"self":[{"href":"https:\/\/diocesi.concordia-pordenone.it\/caritas\/wp-json\/wp\/v2\/posts\/813","targetHints":{"allow":["GET"]}}],"collection":[{"href":"https:\/\/diocesi.concordia-pordenone.it\/caritas\/wp-json\/wp\/v2\/posts"}],"about":[{"href":"https:\/\/diocesi.concordia-pordenone.it\/caritas\/wp-json\/wp\/v2\/types\/post"}],"author":[{"embeddable":true,"href":"https:\/\/diocesi.concordia-pordenone.it\/caritas\/wp-json\/wp\/v2\/users\/1"}],"replies":[{"embeddable":true,"href":"https:\/\/diocesi.concordia-pordenone.it\/caritas\/wp-json\/wp\/v2\/comments?post=813"}],"version-history":[{"count":0,"href":"https:\/\/diocesi.concordia-pordenone.it\/caritas\/wp-json\/wp\/v2\/posts\/813\/revisions"}],"wp:featuredmedia":[{"embeddable":true,"href":"https:\/\/diocesi.concordia-pordenone.it\/caritas\/wp-json\/wp\/v2\/media\/814"}],"wp:attachment":[{"href":"https:\/\/diocesi.concordia-pordenone.it\/caritas\/wp-json\/wp\/v2\/media?parent=813"}],"wp:term":[{"taxonomy":"category","embeddable":true,"href":"https:\/\/diocesi.concordia-pordenone.it\/caritas\/wp-json\/wp\/v2\/categories?post=813"},{"taxonomy":"post_tag","embeddable":true,"href":"https:\/\/diocesi.concordia-pordenone.it\/caritas\/wp-json\/wp\/v2\/tags?post=813"}],"curies":[{"name":"wp","href":"https:\/\/api.w.org\/{rel}","templated":true}]}}