{"id":826,"date":"2017-03-14T14:40:00","date_gmt":"2017-03-14T13:40:00","guid":{"rendered":"https:\/\/diocesi.concordia-pordenone.it\/caritas\/incontro-sui-sostegni-a-distanza\/"},"modified":"2017-03-14T14:40:00","modified_gmt":"2017-03-14T13:40:00","slug":"incontro-sui-sostegni-a-distanza","status":"publish","type":"post","link":"https:\/\/diocesi.concordia-pordenone.it\/caritas\/incontro-sui-sostegni-a-distanza\/","title":{"rendered":"Incontro sui sostegni a distanza"},"content":{"rendered":"<div><strong>ULTIME NOVIT\u00c0 SUI SOSTEGNI A DISTANZA:<\/strong><\/div>\n<div><strong>KENYA, BIRMANIA E ARMENIA<\/strong><\/div>\n<div>\u00a0<\/div>\n<div><strong>Venerd\u00ec 17 marzo<\/strong>,<strong> alle ore 20.30<\/strong>,<strong> presso Casa Madonna Pellegrina<\/strong>, ci sar\u00e0 un incontro su alcuni dei nostri progetti di sostegno a distanza, con aggiornamenti dal Kenya, dalla Birmania e dall\u2019Armenia.<\/div>\n<div>L\u2019incontro \u00e8 aperto a tutti, sia a chi ha gi\u00e0 attivato un sostegno a distanza, sia a chi \u00e8 interessato all\u2019argomento e vuole saperne di pi\u00f9.<\/div>\n<div>\u00a0<\/div>\n<div>Incontreremo\u00a0<\/div>\n<p><strong>Don Elvino Ortolan<\/strong>, missionario dal Kenya<strong>Suor Domitilla Nosella<\/strong>, responsabile dei progetti della congregazione in Birmaniala <strong>Cooperativa \u201cIl Piccolo Principe\u201d<\/strong> su un nuovo progetto in Armenia<br ><\/p>\n<div><br ><\/div>\n<div><br ><\/div>\n<div>Il Sostegno a Distanza risponde ai bisogni primari dei bambini direttamente nel contesto in cui vivono. Lavoriamo per rendere le comunit\u00e0 e le popolazioni locali autonome nel portare avanti i progetti per migliorare la salute, l&#8217;educazione e la protezione dei bambini. In questo modo il Sostegno a Distanza crea un cambiamento che \u00e8 sostenibile nel tempo e pu\u00f2 spezzare il ciclo della povert\u00e0 anche per le generazioni future. <\/div>\n<hr class=\"wpba_attachment_hr\">","protected":false},"excerpt":{"rendered":"<p>Venerd\u00ec 17 marzo, alle ore 20.30, presso Casa Madonna Pellegrina, ci sar\u00e0 un incontro su alcuni dei nostri progetti di sostegno a distanza, con aggiornamenti dal Kenya, dalla Birmania e dall\u2019Armenia. Incontreremo Don Elvino Ortolan, missionario dal Kenya; Suor Domitilla Nosella, responsabile dei progetti della congregazione in Birmania; la Cooperativa \u201cIl Piccolo Principe\u201d su un nuovo progetto in Armenia<\/p>\n","protected":false},"author":0,"featured_media":827,"comment_status":"closed","ping_status":"closed","sticky":false,"template":"","format":"standard","meta":{"_acf_changed":false,"footnotes":""},"categories":[5],"tags":[],"class_list":["post-826","post","type-post","status-publish","format-standard","has-post-thumbnail","hentry","category-altre-news"],"acf":{"seed-localization-paese-cod":"","seed-localization-address":"","seed-localization-citta":"","seed-localization-regione-cod-istat":"","seed-localization-citta-cod-istat":"","seed-localization-localita":"","seed-localization-cap":"","seed-localization-geo":{"lat":41.90552298770031,"lng":12.509441971778871,"zoom":10,"markers":[],"address":"","layers":["OpenStreetMap.Mapnik"]},"seed-localization-marker-visibility":false,"seed-localization-children-visibility":false,"seed-localization-kml":null,"seed-localization-custom-marker":null},"_links":{"self":[{"href":"https:\/\/diocesi.concordia-pordenone.it\/caritas\/wp-json\/wp\/v2\/posts\/826","targetHints":{"allow":["GET"]}}],"collection":[{"href":"https:\/\/diocesi.concordia-pordenone.it\/caritas\/wp-json\/wp\/v2\/posts"}],"about":[{"href":"https:\/\/diocesi.concordia-pordenone.it\/caritas\/wp-json\/wp\/v2\/types\/post"}],"author":[{"embeddable":true,"href":"https:\/\/diocesi.concordia-pordenone.it\/caritas\/wp-json\/wp\/v2\/users\/1"}],"replies":[{"embeddable":true,"href":"https:\/\/diocesi.concordia-pordenone.it\/caritas\/wp-json\/wp\/v2\/comments?post=826"}],"version-history":[{"count":0,"href":"https:\/\/diocesi.concordia-pordenone.it\/caritas\/wp-json\/wp\/v2\/posts\/826\/revisions"}],"wp:featuredmedia":[{"embeddable":true,"href":"https:\/\/diocesi.concordia-pordenone.it\/caritas\/wp-json\/wp\/v2\/media\/827"}],"wp:attachment":[{"href":"https:\/\/diocesi.concordia-pordenone.it\/caritas\/wp-json\/wp\/v2\/media?parent=826"}],"wp:term":[{"taxonomy":"category","embeddable":true,"href":"https:\/\/diocesi.concordia-pordenone.it\/caritas\/wp-json\/wp\/v2\/categories?post=826"},{"taxonomy":"post_tag","embeddable":true,"href":"https:\/\/diocesi.concordia-pordenone.it\/caritas\/wp-json\/wp\/v2\/tags?post=826"}],"curies":[{"name":"wp","href":"https:\/\/api.w.org\/{rel}","templated":true}]}}