{"id":833,"date":"2017-06-05T11:20:00","date_gmt":"2017-06-05T09:20:00","guid":{"rendered":"https:\/\/diocesi.concordia-pordenone.it\/caritas\/reti-di-comunita-il-materiale-del-percorso-formativo\/"},"modified":"2017-06-05T11:20:00","modified_gmt":"2017-06-05T09:20:00","slug":"reti-di-comunita-il-materiale-del-percorso-formativo","status":"publish","type":"post","link":"https:\/\/diocesi.concordia-pordenone.it\/caritas\/reti-di-comunita-il-materiale-del-percorso-formativo\/","title":{"rendered":"Reti di comunit\u00e0: il materiale del percorso formativo"},"content":{"rendered":"<div>\u00a0<\/div>\n<div>Nel mese di febbraio 2017 si \u00e8 svolto il percorso formativo <strong>RETI DI COMUNIT\u00c0. Crescere insieme a fianco dei poveri<\/strong>, organizzato dalla Caritas Diocesana.<br ><\/div>\n<div>Si \u00e8 trattato di un percorso di 4 incontri, aperto a tutti i volontari delle Caritas parrocchiali, dei centri di ascolto, dei centri di distribuzione e delle altre realt\u00e0 caritative, agli operatori diocesani, nonch\u00e9 a persone impegnate in parrocchia, ma non necessariamente in ambito Caritas (ad esempio Consiglio Pastorale, catechisti, &#8230;).<\/div>\n<div>\u00a0<\/div>\n<div>\n<div>Scarica a fondo pagina il d\u00e9pliant e il materiale degli incontri<br ><\/div>\n<\/div>\n<div><br >Nell&#8217;incontro con il povero che si rivolge a noi in cerca di aiuto, come operatori Caritas siamo chiamati non a tentare di trovare da soli una soluzione, ma a cercare di <strong>attivare le reti<\/strong> che stanno dietro quella persona. E quindi: quali sono le reti che possiamo attivare? Come possiamo coinvolgere la comunit\u00e0 ecclesiale, affinch\u00e9 la carit\u00e0 non venga &#8220;delegata&#8221; a pochi volontari volenterosi, ma sia presa in carico dalla comunit\u00e0 cristiana? Come rapportarci con le istituzioni pubbliche con le quali ci confrontiamo?<\/div>\n<div>\u00a0<\/div>\n<div><\/div>\n<div>Tutti gli incontri si sono svolti presso Casa Madonna Pellegrina dalle 20.30 alle 22.30<\/div>\n<div>\u00a0<\/div>\n<div>\u00a0<\/div>\n<div>I quattro appuntamenti:<\/div>\n<div>\u00a0<\/div>\n<div><strong>1\u00b0 incontro &#8211; mercoled\u00ec 1 febbraio<\/strong><\/div>\n<div><strong>LECTIO DIVINA<\/strong><\/div>\n<div><strong>L\u2019INNO ALLA CARIT\u00c0 (1 Cor 13) NELL\u2019AMORIS LAETITIA DI PAPA FRANCESCO<\/strong><\/div>\n<div><strong>Don Giuseppe Grillo<\/strong>, Parroco di Cristo Re in Pordenone<br ><\/div>\n<div>Come di consueto, punto di partenza dei nostri percorsi formativi \u00e8 la Parola di Dio, fonte di ispirazione per il nostro operato.<\/div>\n<div>\u00a0<\/div>\n<div><strong>2\u00b0 incontro &#8211; mercoled\u00ec 8 febbraio<\/strong><\/div>\n<div><strong>COSA VUOL DIRE COMUNIT\u00c0?<\/strong><\/div>\n<div><strong>Stefano Carbone<\/strong>, psicologo di comunit\u00e0, formatore, collabora con l\u2019Ambito di Azzano e con l\u2019Ambito di Udine<\/div>\n<div>L\u2019importanza del senso di comunit\u00e0, dell\u2019avere relazioni significative, di poter avere un ruolo nella comunit\u00e0. \u201cQuanta comunit\u00e0\u201d c\u2019\u00e8 oggi? In che modo \u00e8 possibile coinvolgere le persone e favorire un maggiore senso di comunit\u00e0?<\/div>\n<div>\u00a0<\/div>\n<div><strong>3\u00b0 incontro &#8211; mercoled\u00ec 15 febbraio<\/strong><\/div>\n<div><strong>IL LAVORO DI RETE<\/strong><\/div>\n<div><strong>Stefano Carbone<\/strong><\/div>\n<div>L\u2019importanza della rete di relazioni, sia dal punto di vista delle singole persone, sia da quello delle realt\u00e0 organizzate. Cosa significa avere una buona o cattiva rete di relazioni? A quali bisogni pu\u00f2 rispondere? Come funziona una rete?<\/div>\n<div>\u00a0<\/div>\n<div><strong>4\u00b0 incontro &#8211; mercoled\u00ec 22 febbraio<\/strong><\/div>\n<div><strong>DAL DIRE AL FARE<\/strong><\/div>\n<div><strong>Stefano Carbone<\/strong><\/div>\n<div>A partire dalle riflessioni emerse negli incontri precedenti, si cercher\u00e0 di tracciare insieme delle piste di lavoro, per provare a delineare un piano di azione atto a migliorare l\u2019operativit\u00e0 delle Caritas parrocchiali, sia rispetto al lavoro con la singola persona, sia a livello organizzativo interno.<br ><\/div>\n<div>\u00a0<\/div>\n<div>\u00a0<\/div>\n<hr class=\"wpba_attachment_hr\"><div id='wpba_attachment_list' class='wpba wpba-wrap'>\n<ul class='wpba-attachment-list unstyled'><li id='wpba_attachment_list_835' class='wpba-list-item pull-left'><img src='https:\/\/diocesi.concordia-pordenone.it\/caritas\/wp-content\/themes\/wp-starter-so\/icons\/document.png' width='16' height='20' class='wpba-icon pull-left'><a href='https:\/\/diocesi.concordia-pordenone.it\/caritas\/wp-content\/uploads\/sites\/3\/2021\/06\/volantino-formazione-febbraio-2017-1.pdf' title='volantino-formazione-febbraio-2017-1' class='wpba-link pull-left' target=\"_blank\">volantino-formazione-febbraio-2017-1<\/a><\/li>\n<li id='wpba_attachment_list_836' class='wpba-list-item pull-left'><img src='https:\/\/diocesi.concordia-pordenone.it\/caritas\/wp-content\/themes\/wp-starter-so\/icons\/document.png' width='16' height='20' class='wpba-icon pull-left'><a href='https:\/\/diocesi.concordia-pordenone.it\/caritas\/wp-content\/uploads\/sites\/3\/2021\/06\/slides-stefano-carbone-8_15-02-2017.pdf' title='slides-stefano-carbone-8_15-02-2017' class='wpba-link pull-left' target=\"_blank\">slides-stefano-carbone-8_15-02-2017<\/a><\/li>\n<li id='wpba_attachment_list_837' class='wpba-list-item pull-left'><img src='https:\/\/diocesi.concordia-pordenone.it\/caritas\/wp-content\/themes\/wp-starter-so\/icons\/document.png' width='16' height='20' class='wpba-icon pull-left'><a href='https:\/\/diocesi.concordia-pordenone.it\/caritas\/wp-content\/uploads\/sites\/3\/2021\/06\/lectio-divina-01_02_2017-1.pdf' title='lectio-divina-01_02_2017-1' class='wpba-link pull-left' target=\"_blank\">lectio-divina-01_02_2017-1<\/a><\/li>\n<li id='wpba_attachment_list_838' class='wpba-list-item pull-left'><img src='https:\/\/diocesi.concordia-pordenone.it\/caritas\/wp-content\/themes\/wp-starter-so\/icons\/document.png' width='16' height='20' class='wpba-icon pull-left'><a href='https:\/\/diocesi.concordia-pordenone.it\/caritas\/wp-content\/uploads\/sites\/3\/2021\/06\/slides-stefano-carbone-22_02_2017.pdf' title='slides-stefano-carbone-22_02_2017' class='wpba-link pull-left' target=\"_blank\">slides-stefano-carbone-22_02_2017<\/a><\/li>\n<\/ul><\/div>\n","protected":false},"excerpt":{"rendered":"<p>Entra per scaricare il materiale del percorso formativo di 4 incontri, realizzato nel mese di febbraio dalla Caritas Diocesana, dal titolo &#8220;RETI DI COMUNIT\u00c0. Crescere insieme a fianco dei poveri&#8221;<\/p>\n","protected":false},"author":0,"featured_media":834,"comment_status":"closed","ping_status":"closed","sticky":false,"template":"","format":"standard","meta":{"_acf_changed":false,"footnotes":""},"categories":[5],"tags":[],"class_list":["post-833","post","type-post","status-publish","format-standard","has-post-thumbnail","hentry","category-altre-news"],"acf":{"seed-localization-paese-cod":"","seed-localization-address":"","seed-localization-citta":"","seed-localization-regione-cod-istat":"","seed-localization-citta-cod-istat":"","seed-localization-localita":"","seed-localization-cap":"","seed-localization-geo":{"lat":41.90552298770031,"lng":12.509441971778871,"zoom":10,"markers":[],"address":"","layers":["OpenStreetMap.Mapnik"]},"seed-localization-marker-visibility":false,"seed-localization-children-visibility":false,"seed-localization-kml":null,"seed-localization-custom-marker":null},"_links":{"self":[{"href":"https:\/\/diocesi.concordia-pordenone.it\/caritas\/wp-json\/wp\/v2\/posts\/833","targetHints":{"allow":["GET"]}}],"collection":[{"href":"https:\/\/diocesi.concordia-pordenone.it\/caritas\/wp-json\/wp\/v2\/posts"}],"about":[{"href":"https:\/\/diocesi.concordia-pordenone.it\/caritas\/wp-json\/wp\/v2\/types\/post"}],"author":[{"embeddable":true,"href":"https:\/\/diocesi.concordia-pordenone.it\/caritas\/wp-json\/wp\/v2\/users\/1"}],"replies":[{"embeddable":true,"href":"https:\/\/diocesi.concordia-pordenone.it\/caritas\/wp-json\/wp\/v2\/comments?post=833"}],"version-history":[{"count":0,"href":"https:\/\/diocesi.concordia-pordenone.it\/caritas\/wp-json\/wp\/v2\/posts\/833\/revisions"}],"wp:featuredmedia":[{"embeddable":true,"href":"https:\/\/diocesi.concordia-pordenone.it\/caritas\/wp-json\/wp\/v2\/media\/834"}],"wp:attachment":[{"href":"https:\/\/diocesi.concordia-pordenone.it\/caritas\/wp-json\/wp\/v2\/media?parent=833"}],"wp:term":[{"taxonomy":"category","embeddable":true,"href":"https:\/\/diocesi.concordia-pordenone.it\/caritas\/wp-json\/wp\/v2\/categories?post=833"},{"taxonomy":"post_tag","embeddable":true,"href":"https:\/\/diocesi.concordia-pordenone.it\/caritas\/wp-json\/wp\/v2\/tags?post=833"}],"curies":[{"name":"wp","href":"https:\/\/api.w.org\/{rel}","templated":true}]}}