{"id":848,"date":"2017-12-27T12:24:00","date_gmt":"2017-12-27T11:24:00","guid":{"rendered":"https:\/\/diocesi.concordia-pordenone.it\/caritas\/aaa-cercasi-volontari-per-alloggi-in-casa-madonna-pellegrina\/"},"modified":"2017-12-27T12:24:00","modified_gmt":"2017-12-27T11:24:00","slug":"aaa-cercasi-volontari-per-alloggi-in-casa-madonna-pellegrina","status":"publish","type":"post","link":"https:\/\/diocesi.concordia-pordenone.it\/caritas\/aaa-cercasi-volontari-per-alloggi-in-casa-madonna-pellegrina\/","title":{"rendered":"AAA Cercasi volontari per alloggi in Casa Madonna Pellegrina"},"content":{"rendered":"<div><strong>Accoglienti!<\/strong><\/div>\n<div><strong>Amichevoli!<\/strong><\/div>\n<div><strong>Audaci!<\/strong><\/div>\n<div>\u00a0<\/div>\n<div>Per condividere tempo e cuore accanto alle famiglie temporaneamente in difficolt\u00e0.<\/div>\n<div>\u00a0<\/div>\n<div>Il servizio si svolger\u00e0 presso <strong>Casa Madonna Pellegrina<\/strong>, struttura gestita dalla Caritas Diocesana-Fondazione Buon Samaritano, in <strong>Via Madonna Pellegrina 11<\/strong> a <strong>Pordenone<\/strong>.<\/div>\n<div><br ><\/div>\n<div>\u00c8 richiesta la disponibilit\u00e0 di almeno un momento alla settimana, la sensibilit\u00e0 di porsi a fianco di famiglie e di minori con delicatezza e attenzione, per ascoltare con affetto le fatiche e i sogni e progetti futuri, creando momenti concreti di scambio e condivisione.<\/div>\n<div>\u00a0<\/div>\n<div>\u00a0<\/div>\n<div>Per informazioni contattare Caritas Diocesana al numero 0434 546811 (chiedere di Mara Tajariol o Sabrina Toffoli)<\/div>\n<div>\u00a0<\/div>\n<hr class=\"wpba_attachment_hr\"><div id='wpba_attachment_list' class='wpba wpba-wrap'>\n<ul class='wpba-attachment-list unstyled'><li id='wpba_attachment_list_850' class='wpba-list-item pull-left'><img src='https:\/\/diocesi.concordia-pordenone.it\/caritas\/wp-content\/themes\/wp-starter-so\/icons\/document.png' width='16' height='20' class='wpba-icon pull-left'><a href='https:\/\/diocesi.concordia-pordenone.it\/caritas\/wp-content\/uploads\/sites\/3\/2021\/06\/ricerca-volontari-alloggi-casa-madonna-pellegrina.pdf' title='ricerca-volontari-alloggi-casa-madonna-pellegrina' class='wpba-link pull-left' target=\"_blank\">ricerca-volontari-alloggi-casa-madonna-pellegrina<\/a><\/li>\n<\/ul><\/div>\n","protected":false},"excerpt":{"rendered":"<p>Per condividere tempo e cuore accanto alle famiglie temporaneamente in difficolt\u00e0. Il servizio si svolger\u00e0 presso Casa Madonna Pellegrina, struttura gestita dalla Caritas Diocesana-Fondazione Buon Samaritano, in Via Madonna Pellegrina 11 a Pordenone. Per informazioni: Caritas Diocesana &#8211; 0434 546811 (chiedere di Mara Tajariol o Sabrina Toffoli)<\/p>\n","protected":false},"author":0,"featured_media":849,"comment_status":"closed","ping_status":"closed","sticky":false,"template":"","format":"standard","meta":{"_acf_changed":false,"footnotes":""},"categories":[5],"tags":[],"class_list":["post-848","post","type-post","status-publish","format-standard","has-post-thumbnail","hentry","category-altre-news"],"acf":{"seed-localization-paese-cod":"","seed-localization-address":"","seed-localization-citta":"","seed-localization-regione-cod-istat":"","seed-localization-citta-cod-istat":"","seed-localization-localita":"","seed-localization-cap":"","seed-localization-geo":{"lat":41.90552298770031,"lng":12.509441971778871,"zoom":10,"markers":[],"address":"","layers":["OpenStreetMap.Mapnik"]},"seed-localization-marker-visibility":false,"seed-localization-children-visibility":false,"seed-localization-kml":null,"seed-localization-custom-marker":null},"_links":{"self":[{"href":"https:\/\/diocesi.concordia-pordenone.it\/caritas\/wp-json\/wp\/v2\/posts\/848","targetHints":{"allow":["GET"]}}],"collection":[{"href":"https:\/\/diocesi.concordia-pordenone.it\/caritas\/wp-json\/wp\/v2\/posts"}],"about":[{"href":"https:\/\/diocesi.concordia-pordenone.it\/caritas\/wp-json\/wp\/v2\/types\/post"}],"author":[{"embeddable":true,"href":"https:\/\/diocesi.concordia-pordenone.it\/caritas\/wp-json\/wp\/v2\/users\/1"}],"replies":[{"embeddable":true,"href":"https:\/\/diocesi.concordia-pordenone.it\/caritas\/wp-json\/wp\/v2\/comments?post=848"}],"version-history":[{"count":0,"href":"https:\/\/diocesi.concordia-pordenone.it\/caritas\/wp-json\/wp\/v2\/posts\/848\/revisions"}],"wp:featuredmedia":[{"embeddable":true,"href":"https:\/\/diocesi.concordia-pordenone.it\/caritas\/wp-json\/wp\/v2\/media\/849"}],"wp:attachment":[{"href":"https:\/\/diocesi.concordia-pordenone.it\/caritas\/wp-json\/wp\/v2\/media?parent=848"}],"wp:term":[{"taxonomy":"category","embeddable":true,"href":"https:\/\/diocesi.concordia-pordenone.it\/caritas\/wp-json\/wp\/v2\/categories?post=848"},{"taxonomy":"post_tag","embeddable":true,"href":"https:\/\/diocesi.concordia-pordenone.it\/caritas\/wp-json\/wp\/v2\/tags?post=848"}],"curies":[{"name":"wp","href":"https:\/\/api.w.org\/{rel}","templated":true}]}}