{"id":876,"date":"2018-07-19T09:00:00","date_gmt":"2018-07-19T07:00:00","guid":{"rendered":"https:\/\/diocesi.concordia-pordenone.it\/caritas\/la-concordia-maggio-agosto-2018\/"},"modified":"2018-07-19T09:00:00","modified_gmt":"2018-07-19T07:00:00","slug":"la-concordia-maggio-agosto-2018","status":"publish","type":"post","link":"https:\/\/diocesi.concordia-pordenone.it\/caritas\/la-concordia-maggio-agosto-2018\/","title":{"rendered":"La Concordia &#8211; maggio\/agosto 2018"},"content":{"rendered":"<div>In questo numero l&#8217;editoriale sulla lettera pastorale del vescovo dedicata ai poveri, l&#8217;esito della raccolta straordinaria di indumenti usati, la Giornata Mondiale del Rifugiato, uno speciale sul tema del carcere e molto altro ancora&#8230;<\/div>\n<div>\u00a0<\/div>\n<div>\u00a0<\/div>\n<div>La Concordia \u00e8 una rivista quadrimestrale che fa conoscere il mondo della Caritas diocesana, i progetti e le azioni intraprese, i corso di formazione, e d\u00e0 un&#8217;informazione sulle attivit\u00e0 delle Caritas parrocchiali. \u00c8 uno strumento per far circolare le notizie in modo capillare, nelle famiglie come nelle comunit\u00e0 parrocchiali.<\/div>\n<div>\u00a0<\/div>\n<div>Vai alla pagina dedicata<\/div>\n<div>\u00a0<\/div>\n","protected":false},"excerpt":{"rendered":"<p>In questo numero l&#8217;editoriale sulla lettera pastorale del vescovo dedicata ai poveri, l&#8217;esito della raccolta straordinaria di indumenti usati, la Giornata Mondiale del Rifugiato, uno speciale sul tema del carcere e molto altro ancora&#8230;<\/p>\n","protected":false},"author":0,"featured_media":0,"comment_status":"closed","ping_status":"closed","sticky":false,"template":"","format":"standard","meta":{"_acf_changed":false,"footnotes":""},"categories":[5],"tags":[],"class_list":["post-876","post","type-post","status-publish","format-standard","hentry","category-altre-news"],"acf":{"seed-localization-paese-cod":"","seed-localization-address":"","seed-localization-citta":"","seed-localization-regione-cod-istat":"","seed-localization-citta-cod-istat":"","seed-localization-localita":"","seed-localization-cap":"","seed-localization-geo":{"lat":41.90552298770031,"lng":12.509441971778871,"zoom":10,"markers":[],"address":"","layers":["OpenStreetMap.Mapnik"]},"seed-localization-marker-visibility":false,"seed-localization-children-visibility":false,"seed-localization-kml":null,"seed-localization-custom-marker":null},"_links":{"self":[{"href":"https:\/\/diocesi.concordia-pordenone.it\/caritas\/wp-json\/wp\/v2\/posts\/876","targetHints":{"allow":["GET"]}}],"collection":[{"href":"https:\/\/diocesi.concordia-pordenone.it\/caritas\/wp-json\/wp\/v2\/posts"}],"about":[{"href":"https:\/\/diocesi.concordia-pordenone.it\/caritas\/wp-json\/wp\/v2\/types\/post"}],"author":[{"embeddable":true,"href":"https:\/\/diocesi.concordia-pordenone.it\/caritas\/wp-json\/wp\/v2\/users\/1"}],"replies":[{"embeddable":true,"href":"https:\/\/diocesi.concordia-pordenone.it\/caritas\/wp-json\/wp\/v2\/comments?post=876"}],"version-history":[{"count":0,"href":"https:\/\/diocesi.concordia-pordenone.it\/caritas\/wp-json\/wp\/v2\/posts\/876\/revisions"}],"wp:attachment":[{"href":"https:\/\/diocesi.concordia-pordenone.it\/caritas\/wp-json\/wp\/v2\/media?parent=876"}],"wp:term":[{"taxonomy":"category","embeddable":true,"href":"https:\/\/diocesi.concordia-pordenone.it\/caritas\/wp-json\/wp\/v2\/categories?post=876"},{"taxonomy":"post_tag","embeddable":true,"href":"https:\/\/diocesi.concordia-pordenone.it\/caritas\/wp-json\/wp\/v2\/tags?post=876"}],"curies":[{"name":"wp","href":"https:\/\/api.w.org\/{rel}","templated":true}]}}