{"id":91,"date":"2012-09-13T17:32:00","date_gmt":"2012-09-13T15:32:00","guid":{"rendered":"https:\/\/diocesi.concordia-pordenone.it\/caritas\/suor-eugenia-bonetti-a-pordenone\/"},"modified":"2012-09-13T17:32:00","modified_gmt":"2012-09-13T15:32:00","slug":"suor-eugenia-bonetti-a-pordenone","status":"publish","type":"post","link":"https:\/\/diocesi.concordia-pordenone.it\/caritas\/suor-eugenia-bonetti-a-pordenone\/","title":{"rendered":"Suor Eugenia Bonetti a Pordenone"},"content":{"rendered":"<div>Doppio appuntamento con suor Eugenia Bonetti, da anni impegnata nella lotta contro la tratta di donne dall\u2019Africa verso il mercato del sesso europeo.<\/div>\n<div>\u00a0<\/div>\n<div><strong>Gioved\u00ec 20 settembre alle ore 20.30,<\/strong> presso Sala Parrocchiale di San Francesco\u00a0in\u00a0Via Cappuccini\u00a0a Pordenone, si terr\u00e0 un incontro organizzato dalle Caritas parrocchiali della Forania di Pordenone Centro, in collaborazione con la Caritas diocesana, in cui suor Eugenia presenter\u00e0 il suo ultimo libro <strong>Spezzare le catene. La battaglia per la\u00a0dignit\u00e0 delle donne<\/strong>. L&#8217;incontro \u00e8 rivolto in particolare\u00a0ai <strong>volontari delle Caritas parrocchiali <\/strong>della diocesi.<\/div>\n<div>La serata\u00a0sar\u00e0 introdotta dall&#8217;equipe dell&#8217;<strong>Area Donne della Caritas Diocesana<\/strong>, che porter\u00e0 la propria esperienza pluriennale con le donne in difficolt\u00e0 e vittime di tratta, informando anche sui progetti attualmente in atto per contrastare il fenomeno.<\/div>\n<div>\u00a0<\/div>\n<div>Il secondo appuntamento sar\u00e0 all&#8217;interno della manifestazione <strong>Pordenonelegge.it<\/strong>, <strong>venerd\u00ec 21 settembre alle\u00a0ore 11.00<\/strong> presso il\u00a0Teatro Don Bosco di Pordenone, dove\u00a0suor Eugenia parler\u00e0 del suo libro e della sua esperienza agli studenti delle scuole superiori.<\/div>\n<div>\u00a0<\/div>\n<div>\u00a0<\/div>\n<div>Dopo aver lavorato nel centro Caritas di Torino, dal 2010 \u00e8 responsabile dell\u2019Ufficio tratta donne e minori dell\u2019Unione Superiore Maggiori d\u2019Italia. Ha nascosto prostitute nei conventi per salvarle dalla strada, ha parlato all\u2019Onu in qualit\u00e0 di esperta di traffico delle donne. Per la sua infaticabile lotta contro le moderne schiavit\u00f9 \u00e8 stata nominata Commendatore della Repubblica italiana nel 2004 e, nello stesso anno e poi anche nel 2007, ha ricevuto un duplice riconoscimento da parte del Dipartimento di Stato americano. Nel febbraio 2010 il suo discorso alla manifestazione \u201cSe non ora quando?\u201d in Piazza del Popolo a Roma ha lasciato il segno. Con il libro \u201cSpezzare le catene. La battaglia per la dignit\u00e0 delle donne\u201d, scritto con la giornalista Anna Pozzi, invita a ribellarsi, per riprendere la dignit\u00e0 calpestata dagli scandali, dalla volgarit\u00e0 dei media, dal traffico di esseri umani.<\/div>\n<hr class=\"wpba_attachment_hr\"><div id='wpba_attachment_list' class='wpba wpba-wrap'>\n<ul class='wpba-attachment-list unstyled'><li id='wpba_attachment_list_93' class='wpba-list-item pull-left'><img src='https:\/\/diocesi.concordia-pordenone.it\/caritas\/wp-content\/themes\/wp-starter-so\/icons\/document.png' width='16' height='20' class='wpba-icon pull-left'><a href='https:\/\/diocesi.concordia-pordenone.it\/caritas\/wp-content\/uploads\/sites\/3\/2021\/06\/locandina-sr-eugenia-bonetti-20_09_-2012.pdf' title='locandina-sr-eugenia-bonetti-20_09_-2012' class='wpba-link pull-left' target=\"_blank\">locandina-sr-eugenia-bonetti-20_09_-2012<\/a><\/li>\n<\/ul><\/div>\n","protected":false},"excerpt":{"rendered":"<p>Doppio appuntamento con suor Eugenia Bonetti, da anni impegnata nella lotta contro la tratta di donne dall\u2019Africa verso il mercato del sesso europeo, per presentare il suo ultimo libro &#8220;Spezzare le catene. La battaglia per la dignit\u00e0 delle donne&#8221;. Gioved\u00ec 20 settembre alle ore 20.30, presso la Sala Parrocchiale di San Francesco a Pordenone, si terr\u00e0 un incontro rivolto ai volontari delle Caritas parrocchiali della diocesi. Il secondo appuntamento sar\u00e0 all&#8217;interno della manifestazione Pordenonelegge.it, venerd\u00ec 21 settembre alle ore 11.00 presso il Teatro Don Bosco di Pordenone, dove suor Eugenia incontrer\u00e0 gli studenti delle scuole superiori<\/p>\n","protected":false},"author":0,"featured_media":92,"comment_status":"closed","ping_status":"closed","sticky":false,"template":"","format":"standard","meta":{"_acf_changed":false,"footnotes":""},"categories":[4],"tags":[],"class_list":["post-91","post","type-post","status-publish","format-standard","has-post-thumbnail","hentry","category-news-in-primo-piano"],"acf":{"seed-localization-paese-cod":"","seed-localization-address":"","seed-localization-citta":"","seed-localization-regione-cod-istat":"","seed-localization-citta-cod-istat":"","seed-localization-localita":"","seed-localization-cap":"","seed-localization-geo":{"lat":41.90552298770031,"lng":12.509441971778871,"zoom":10,"markers":[],"address":"","layers":["OpenStreetMap.Mapnik"]},"seed-localization-marker-visibility":false,"seed-localization-children-visibility":false,"seed-localization-kml":null,"seed-localization-custom-marker":null},"_links":{"self":[{"href":"https:\/\/diocesi.concordia-pordenone.it\/caritas\/wp-json\/wp\/v2\/posts\/91","targetHints":{"allow":["GET"]}}],"collection":[{"href":"https:\/\/diocesi.concordia-pordenone.it\/caritas\/wp-json\/wp\/v2\/posts"}],"about":[{"href":"https:\/\/diocesi.concordia-pordenone.it\/caritas\/wp-json\/wp\/v2\/types\/post"}],"author":[{"embeddable":true,"href":"https:\/\/diocesi.concordia-pordenone.it\/caritas\/wp-json\/wp\/v2\/users\/1"}],"replies":[{"embeddable":true,"href":"https:\/\/diocesi.concordia-pordenone.it\/caritas\/wp-json\/wp\/v2\/comments?post=91"}],"version-history":[{"count":0,"href":"https:\/\/diocesi.concordia-pordenone.it\/caritas\/wp-json\/wp\/v2\/posts\/91\/revisions"}],"wp:featuredmedia":[{"embeddable":true,"href":"https:\/\/diocesi.concordia-pordenone.it\/caritas\/wp-json\/wp\/v2\/media\/92"}],"wp:attachment":[{"href":"https:\/\/diocesi.concordia-pordenone.it\/caritas\/wp-json\/wp\/v2\/media?parent=91"}],"wp:term":[{"taxonomy":"category","embeddable":true,"href":"https:\/\/diocesi.concordia-pordenone.it\/caritas\/wp-json\/wp\/v2\/categories?post=91"},{"taxonomy":"post_tag","embeddable":true,"href":"https:\/\/diocesi.concordia-pordenone.it\/caritas\/wp-json\/wp\/v2\/tags?post=91"}],"curies":[{"name":"wp","href":"https:\/\/api.w.org\/{rel}","templated":true}]}}