{"id":931,"date":"2019-11-18T10:06:00","date_gmt":"2019-11-18T09:06:00","guid":{"rendered":"https:\/\/diocesi.concordia-pordenone.it\/caritas\/sussidio-avvento-2019\/"},"modified":"2019-11-18T10:06:00","modified_gmt":"2019-11-18T09:06:00","slug":"sussidio-avvento-2019","status":"publish","type":"post","link":"https:\/\/diocesi.concordia-pordenone.it\/caritas\/sussidio-avvento-2019\/","title":{"rendered":"Sussidio Avvento 2019"},"content":{"rendered":"<div>Papa Francesco, nell\u2019Esortazione apostolica postsinadale Christus vivit, invita i giovani ad essere stella polare per gli altri giovani. Il Vescovo Giuseppe, nella lettera pastorale per quest\u2019anno, ha voluto richiamare l\u2019attenzione di tutta la Chiesa diocesana su di loro. Chi li aiuter\u00e0 ad essere stella polare? \u2026e camminava con loro, con i giovani, per riconoscere, interpretare, scegliere.<\/div>\n<div>Con questo invito si presenta la lettera, richiamando il messaggio del recente Sinodo dei giovani. Un cammino da compiere insieme, adolescenti, giovani, adulti e anziani, con uno spirito di reciproco aiuto e di collaborazione, come ha fatto Ges\u00f9 con i due di Emmaus. Un cammino per ritrovare la comune stella polare della vita: il Bambino nato a Betlemme.<\/div>\n<div>\u00a0<\/div>\n<div>Il sussidio vuole essere un aiuto a volgere lo sguardo verso il Natale cristiano, annunciato dagli angeli: Vi annuncio una grande gioia, oggi \u00e8 nato per voi un Salvatore. \u00c8 lui che pu\u00f2 salvarci dalle nostre oscurit\u00e0, dai nostri smarrimenti in questo tempo in cui sentiamo la difficolt\u00e0 di trasmettere la fede alle nuove generazioni.<\/div>\n<div>E saranno i giovani a condurci verso strade inesplorate, strade da percorrere soprattutto nel reciproco ascolto e in una reciproca condivisione di esperienze di vita.<\/div>\n<div>\u00a0<\/div>\n<div>Fa da guida la Parola di Dio di ogni domenica, con un riferimento all\u2019Icona di Emmaus e ai giovani:<br ><strong>Prima domenica<\/strong>: Svegliarsi. Non \u00e8 poi cos\u00ec impossibile.<br ><strong>Immacolata<\/strong>: Ascoltare. Fare nostra la Parola.<br ><strong>Terza domenica<\/strong>: Guardare. Interpretare gli eventi.<br ><strong>Quarta domenica<\/strong>: Agire. Mettere in gioco noi stessi<br ><strong>Natale<\/strong>: Lasciarci avvolgere. Contemplare e accogliere la luce di Betlemme.<\/div>\n<div><br >Seguono materiali diversi per la famiglia, per la comunit\u00e0 e per i vari gruppi che la compongono.<br >Se ci metteremo in cammino assieme con una sincera ricerca, potremo fare l\u2019esperienza del visitatore non mancher\u00e0 di bussare alla nostra porta! Se apriremo si metter\u00e0 a tavola con noi! Buon Natale con Lui e tra di noi!<\/div>\n<div><br >Don Elvio Morsanuto<br >Vicario per l\u2019Evangelizzazione<\/div>\n<div>\u00a0<\/div>\n<div>\u00a0<\/div>\n<hr class=\"wpba_attachment_hr\"><div id='wpba_attachment_list' class='wpba wpba-wrap'>\n<ul class='wpba-attachment-list unstyled'><li id='wpba_attachment_list_933' class='wpba-list-item pull-left'><img src='https:\/\/diocesi.concordia-pordenone.it\/caritas\/wp-content\/themes\/wp-starter-so\/icons\/document.png' width='16' height='20' class='wpba-icon pull-left'><a href='https:\/\/diocesi.concordia-pordenone.it\/caritas\/wp-content\/uploads\/sites\/3\/2021\/06\/proposta-caritas_avvento-2019.pdf' title='proposta-caritas_avvento-2019' class='wpba-link pull-left' target=\"_blank\">proposta-caritas_avvento-2019<\/a><\/li>\n<li id='wpba_attachment_list_934' class='wpba-list-item pull-left'><img src='https:\/\/diocesi.concordia-pordenone.it\/caritas\/wp-content\/themes\/wp-starter-so\/icons\/document.png' width='16' height='20' class='wpba-icon pull-left'><a href='https:\/\/diocesi.concordia-pordenone.it\/caritas\/wp-content\/uploads\/sites\/3\/2021\/06\/Avvento-2019-sussidio.pdf' title='Avvento-2019-sussidio' class='wpba-link pull-left' target=\"_blank\">Avvento-2019-sussidio<\/a><\/li>\n<\/ul><\/div>\n","protected":false},"excerpt":{"rendered":"<p>Papa Francesco, nell\u2019Esortazione apostolica postsinadale &#8220;Christus vivit&#8221;, invita i giovani ad essere stella polare per gli altri giovani. Il Vescovo Giuseppe, nella lettera pastorale per quest\u2019anno, ha voluto richiamare l\u2019attenzione di tutta la Chiesa diocesana su di loro. Chi li aiuter\u00e0 ad essere stella polare? \u2026e camminava con loro, con i giovani, per riconoscere, interpretare, scegliere. Il sussidio vuole essere un aiuto a volgere lo sguardo verso il Natale cristiano. Entra per scaricare il sussidio diocesano e le proposte della Caritas diocesana<\/p>\n","protected":false},"author":0,"featured_media":932,"comment_status":"closed","ping_status":"closed","sticky":false,"template":"","format":"standard","meta":{"_acf_changed":false,"footnotes":""},"categories":[5],"tags":[],"class_list":["post-931","post","type-post","status-publish","format-standard","has-post-thumbnail","hentry","category-altre-news"],"acf":{"seed-localization-paese-cod":"","seed-localization-address":"","seed-localization-citta":"","seed-localization-regione-cod-istat":"","seed-localization-citta-cod-istat":"","seed-localization-localita":"","seed-localization-cap":"","seed-localization-geo":{"lat":41.90552298770031,"lng":12.509441971778871,"zoom":10,"markers":[],"address":"","layers":["OpenStreetMap.Mapnik"]},"seed-localization-marker-visibility":false,"seed-localization-children-visibility":false,"seed-localization-kml":null,"seed-localization-custom-marker":null},"_links":{"self":[{"href":"https:\/\/diocesi.concordia-pordenone.it\/caritas\/wp-json\/wp\/v2\/posts\/931","targetHints":{"allow":["GET"]}}],"collection":[{"href":"https:\/\/diocesi.concordia-pordenone.it\/caritas\/wp-json\/wp\/v2\/posts"}],"about":[{"href":"https:\/\/diocesi.concordia-pordenone.it\/caritas\/wp-json\/wp\/v2\/types\/post"}],"author":[{"embeddable":true,"href":"https:\/\/diocesi.concordia-pordenone.it\/caritas\/wp-json\/wp\/v2\/users\/1"}],"replies":[{"embeddable":true,"href":"https:\/\/diocesi.concordia-pordenone.it\/caritas\/wp-json\/wp\/v2\/comments?post=931"}],"version-history":[{"count":0,"href":"https:\/\/diocesi.concordia-pordenone.it\/caritas\/wp-json\/wp\/v2\/posts\/931\/revisions"}],"wp:featuredmedia":[{"embeddable":true,"href":"https:\/\/diocesi.concordia-pordenone.it\/caritas\/wp-json\/wp\/v2\/media\/932"}],"wp:attachment":[{"href":"https:\/\/diocesi.concordia-pordenone.it\/caritas\/wp-json\/wp\/v2\/media?parent=931"}],"wp:term":[{"taxonomy":"category","embeddable":true,"href":"https:\/\/diocesi.concordia-pordenone.it\/caritas\/wp-json\/wp\/v2\/categories?post=931"},{"taxonomy":"post_tag","embeddable":true,"href":"https:\/\/diocesi.concordia-pordenone.it\/caritas\/wp-json\/wp\/v2\/tags?post=931"}],"curies":[{"name":"wp","href":"https:\/\/api.w.org\/{rel}","templated":true}]}}