{"id":935,"date":"2019-12-19T11:33:00","date_gmt":"2019-12-19T10:33:00","guid":{"rendered":"https:\/\/diocesi.concordia-pordenone.it\/caritas\/epifania-luce-dei-popoli\/"},"modified":"2019-12-19T11:33:00","modified_gmt":"2019-12-19T10:33:00","slug":"epifania-luce-dei-popoli","status":"publish","type":"post","link":"https:\/\/diocesi.concordia-pordenone.it\/caritas\/epifania-luce-dei-popoli\/","title":{"rendered":"Epifania Luce dei Popoli"},"content":{"rendered":"<div>\u00a0<\/div>\n<div>In occasione dell\u2019Epifania del Signore, il Vescovo S.E. Mons. Giuseppe Pellegrini celebra la <strong>festa delle comunit\u00e0 di cattolici<\/strong> immigrati della nostra diocesi,<\/div>\n<div>nella S. Messa che si terr\u00e0 <strong>  LUNED\u00cc 6 GENNAIO 2020 alle ore 15.00<\/strong><\/div>\n<div>presso il Duomo San Marco di Pordenone. <\/div>\n<div>\u00a0<\/div>\n<div>L&#8217;iniziativa \u00e8 organizzata dalla Commissione Diocesana Migrantes.<\/div>\n<hr class=\"wpba_attachment_hr\">","protected":false},"excerpt":{"rendered":"<p>In occasione dell\u2019Epifania del Signore, il Vescovo S.E. Mons. Giuseppe Pellegrini celebra la festa delle comunit\u00e0 di cattolici immigrati della nostra diocesi, nella S. Messa che si terr\u00e0 LUNED\u00cc 6 GENNAIO 2020 alle ore 15.00 presso il Duomo San Marco di Pordenone. L&#8217;iniziativa \u00e8 organizzata dalla Commissione Diocesana Migrantes.<\/p>\n","protected":false},"author":0,"featured_media":936,"comment_status":"closed","ping_status":"closed","sticky":false,"template":"","format":"standard","meta":{"_acf_changed":false,"footnotes":""},"categories":[5],"tags":[],"class_list":["post-935","post","type-post","status-publish","format-standard","has-post-thumbnail","hentry","category-altre-news"],"acf":{"seed-localization-paese-cod":"","seed-localization-address":"","seed-localization-citta":"","seed-localization-regione-cod-istat":"","seed-localization-citta-cod-istat":"","seed-localization-localita":"","seed-localization-cap":"","seed-localization-geo":{"lat":41.90552298770031,"lng":12.509441971778871,"zoom":10,"markers":[],"address":"","layers":["OpenStreetMap.Mapnik"]},"seed-localization-marker-visibility":false,"seed-localization-children-visibility":false,"seed-localization-kml":null,"seed-localization-custom-marker":null},"_links":{"self":[{"href":"https:\/\/diocesi.concordia-pordenone.it\/caritas\/wp-json\/wp\/v2\/posts\/935","targetHints":{"allow":["GET"]}}],"collection":[{"href":"https:\/\/diocesi.concordia-pordenone.it\/caritas\/wp-json\/wp\/v2\/posts"}],"about":[{"href":"https:\/\/diocesi.concordia-pordenone.it\/caritas\/wp-json\/wp\/v2\/types\/post"}],"author":[{"embeddable":true,"href":"https:\/\/diocesi.concordia-pordenone.it\/caritas\/wp-json\/wp\/v2\/users\/1"}],"replies":[{"embeddable":true,"href":"https:\/\/diocesi.concordia-pordenone.it\/caritas\/wp-json\/wp\/v2\/comments?post=935"}],"version-history":[{"count":0,"href":"https:\/\/diocesi.concordia-pordenone.it\/caritas\/wp-json\/wp\/v2\/posts\/935\/revisions"}],"wp:featuredmedia":[{"embeddable":true,"href":"https:\/\/diocesi.concordia-pordenone.it\/caritas\/wp-json\/wp\/v2\/media\/936"}],"wp:attachment":[{"href":"https:\/\/diocesi.concordia-pordenone.it\/caritas\/wp-json\/wp\/v2\/media?parent=935"}],"wp:term":[{"taxonomy":"category","embeddable":true,"href":"https:\/\/diocesi.concordia-pordenone.it\/caritas\/wp-json\/wp\/v2\/categories?post=935"},{"taxonomy":"post_tag","embeddable":true,"href":"https:\/\/diocesi.concordia-pordenone.it\/caritas\/wp-json\/wp\/v2\/tags?post=935"}],"curies":[{"name":"wp","href":"https:\/\/api.w.org\/{rel}","templated":true}]}}