{"id":937,"date":"2019-12-19T11:20:00","date_gmt":"2019-12-19T10:20:00","guid":{"rendered":"https:\/\/diocesi.concordia-pordenone.it\/caritas\/orario-centro-di-ascolto-nel-periodo-natalizio\/"},"modified":"2019-12-19T11:20:00","modified_gmt":"2019-12-19T10:20:00","slug":"orario-centro-di-ascolto-nel-periodo-natalizio","status":"publish","type":"post","link":"https:\/\/diocesi.concordia-pordenone.it\/caritas\/orario-centro-di-ascolto-nel-periodo-natalizio\/","title":{"rendered":"Orario Centro di Ascolto nel periodo natalizio"},"content":{"rendered":"<div>\u00a0<\/div>\n<div><strong>Nel periodo natalizio <\/strong>il Centro di Ascolto diocesano osserver\u00e0<\/div>\n<div>il seguente orario ridotto:<\/div>\n<div>\u00a0<\/div>\n<div><strong>luned\u00ec 23 dicembre ore 9.00-11.30<\/strong><\/div>\n<div><strong>marted\u00ec 24 dicembre CHIUSO<\/strong><\/div>\n<div><strong>mercoled\u00ec 25 dicembre FESTIVO<\/strong><\/div>\n<div><strong>gioved\u00ec 26 dicembre FESTIVO<\/strong><\/div>\n<div><strong>venerd\u00ec 27 dicembre ore 9.00-11.30<\/strong><\/div>\n<div>\u00a0<\/div>\n<div><strong>luned\u00ec 30 dicembre ore 9.00-11.30<\/strong><\/div>\n<div><strong>marted\u00ec 31 dicembre CHIUSO<\/strong><\/div>\n<div><strong>mercoled\u00ec 1 gennaio FESTIVO<\/strong><\/div>\n<div>\n<div><strong>gioved\u00ec 2 gennaio CHIUSO<\/strong><\/div>\n<\/div>\n<div><strong>venerd\u00ec 3 gennaio ore 9.00-11.30<\/strong><\/div>\n<div>\u00a0<\/div>\n<div>\u00a0<\/div>\n<div>\n<div style=\"text-align: left\"><b>CENTRO DI ASCOLTO CARITAS DIOCESANA<\/b><\/div>\n<div style=\"text-align: left\">Ascolto, orientamento, accompagnamento di persone in difficolt\u00e0<\/div>\n<div style=\"text-align: left\">\u00a0<\/div>\n<div style=\"text-align: left\">Via Madonna Pellegrina 11 \u2013 Pordenone<\/div>\n<div style=\"text-align: left\">tel. 0434 546811 \u2013 fax 0434 546899<\/div>\n<div style=\"text-align: left\">\u00a0<\/div>\n<div style=\"text-align: left\">centrodiascolto@diocesiconcordiapordenone.it<\/div>\n<div style=\"text-align: left\">\u00a0<\/div>\n<div style=\"text-align: left\">\u00a0<\/div>\n<\/div>\n<hr class=\"wpba_attachment_hr\">","protected":false},"excerpt":{"rendered":"<p>Nel periodo natalizio il Centro di Ascolto diocesano osserver\u00e0 il seguente orario ridotto: luned\u00ec 23 dicembre ore 9.00-11.30; marted\u00ec 24 dicembre CHIUSO; mercoled\u00ec 25 e gioved\u00ec 26 dicembre FESTIVO; venerd\u00ec 27 dicembre ore 9.00-11.30. Luned\u00ec 30 dicembre ore 9.00-11.30; marted\u00ec 31 dicembre CHIUSO; mercoled\u00ec 1 gennaio FESTIVO; gioved\u00ec 2 gennaio CHIUSO; venerd\u00ec 3 gennaio ore 9.00-11.30. Per informazioni: tel. 0434 546811<\/p>\n","protected":false},"author":0,"featured_media":938,"comment_status":"closed","ping_status":"closed","sticky":false,"template":"","format":"standard","meta":{"_acf_changed":false,"footnotes":""},"categories":[5],"tags":[],"class_list":["post-937","post","type-post","status-publish","format-standard","has-post-thumbnail","hentry","category-altre-news"],"acf":{"seed-localization-paese-cod":"","seed-localization-address":"","seed-localization-citta":"","seed-localization-regione-cod-istat":"","seed-localization-citta-cod-istat":"","seed-localization-localita":"","seed-localization-cap":"","seed-localization-geo":{"lat":41.90552298770031,"lng":12.509441971778871,"zoom":10,"markers":[],"address":"","layers":["OpenStreetMap.Mapnik"]},"seed-localization-marker-visibility":false,"seed-localization-children-visibility":false,"seed-localization-kml":null,"seed-localization-custom-marker":null},"_links":{"self":[{"href":"https:\/\/diocesi.concordia-pordenone.it\/caritas\/wp-json\/wp\/v2\/posts\/937","targetHints":{"allow":["GET"]}}],"collection":[{"href":"https:\/\/diocesi.concordia-pordenone.it\/caritas\/wp-json\/wp\/v2\/posts"}],"about":[{"href":"https:\/\/diocesi.concordia-pordenone.it\/caritas\/wp-json\/wp\/v2\/types\/post"}],"author":[{"embeddable":true,"href":"https:\/\/diocesi.concordia-pordenone.it\/caritas\/wp-json\/wp\/v2\/users\/1"}],"replies":[{"embeddable":true,"href":"https:\/\/diocesi.concordia-pordenone.it\/caritas\/wp-json\/wp\/v2\/comments?post=937"}],"version-history":[{"count":0,"href":"https:\/\/diocesi.concordia-pordenone.it\/caritas\/wp-json\/wp\/v2\/posts\/937\/revisions"}],"wp:featuredmedia":[{"embeddable":true,"href":"https:\/\/diocesi.concordia-pordenone.it\/caritas\/wp-json\/wp\/v2\/media\/938"}],"wp:attachment":[{"href":"https:\/\/diocesi.concordia-pordenone.it\/caritas\/wp-json\/wp\/v2\/media?parent=937"}],"wp:term":[{"taxonomy":"category","embeddable":true,"href":"https:\/\/diocesi.concordia-pordenone.it\/caritas\/wp-json\/wp\/v2\/categories?post=937"},{"taxonomy":"post_tag","embeddable":true,"href":"https:\/\/diocesi.concordia-pordenone.it\/caritas\/wp-json\/wp\/v2\/tags?post=937"}],"curies":[{"name":"wp","href":"https:\/\/api.w.org\/{rel}","templated":true}]}}