{"id":94,"date":"2012-09-26T19:27:00","date_gmt":"2012-09-26T17:27:00","guid":{"rendered":"https:\/\/diocesi.concordia-pordenone.it\/caritas\/rotte-migranti-mostra-gioco-interattiva\/"},"modified":"2012-09-26T19:27:00","modified_gmt":"2012-09-26T17:27:00","slug":"rotte-migranti-mostra-gioco-interattiva","status":"publish","type":"post","link":"https:\/\/diocesi.concordia-pordenone.it\/caritas\/rotte-migranti-mostra-gioco-interattiva\/","title":{"rendered":"&#8220;Rotte migranti&#8221; &#8211; mostra-gioco interattiva"},"content":{"rendered":"<div><strong>AAA \u2013 ATTORI CERCASI<\/strong><\/div>\n<div>\u00a0<\/div>\n<div><strong>ROTTE MIGRANTI<\/strong><\/div>\n<div><strong>Un viaggio diverso dagli altri<\/strong><\/div>\n<div>Centro Culturale Casa A. Zanussi<\/div>\n<div>Via Concordia, 7 &#8211; Pordenone<\/div>\n<div><strong>dal 30 ottobre al 15 novembre 2012<\/strong><\/div>\n<div>\u00a0<\/div>\n<div>Cerchiamo attori (anche non professionisti) da formare come animatori di \u201cRotte migranti\u201d, mostra-gioco interattiva per vivere in prima persona il viaggio dei migranti.<\/div>\n<div>Previste tre giornate di FORMAZIONE OBBLIGATORIA, venerd\u00ec 26, sabato 27 e luned\u00ec 29 ottobre.<\/div>\n<div>Chiediamo una DISPONIBILIT\u00c0 DAL 30 OTTOBRE AL 15 NOVEMBRE (su turni da concordare).<\/div>\n<div>\u00a0<\/div>\n<div>Per informazioni e adesioni: 0434 221260, caritas(@)diocesiconcordiapordenone.it<\/div>\n<hr class=\"wpba_attachment_hr\"><div id='wpba_attachment_list' class='wpba wpba-wrap'>\n<ul class='wpba-attachment-list unstyled'><li id='wpba_attachment_list_96' class='wpba-list-item pull-left'><img src='https:\/\/diocesi.concordia-pordenone.it\/caritas\/wp-content\/themes\/wp-starter-so\/icons\/document.png' width='16' height='20' class='wpba-icon pull-left'><a href='https:\/\/diocesi.concordia-pordenone.it\/caritas\/wp-content\/uploads\/sites\/3\/2021\/06\/depliant-rotte-migranti.pdf' title='depliant-rotte-migranti' class='wpba-link pull-left' target=\"_blank\">depliant-rotte-migranti<\/a><\/li>\n<\/ul><\/div>\n","protected":false},"excerpt":{"rendered":"<p>AAA \u2013 ATTORI CERCASI: cerchiamo attori (anche non professionisti) da formare come animatori di \u201cRotte migranti\u201d, mostra-gioco interattiva per vivere in prima persona il viaggio dei migranti. Previste tre giornate di FORMAZIONE OBBLIGATORIA, venerd\u00ec 26, sabato 27 e luned\u00ec 29 ottobre. Chiediamo una DISPONIBILIT\u00c0 DAL 30 OTTOBRE AL 15 NOVEMBRE (su turni da concordare). Entra per saperne di pi\u00f9<\/p>\n","protected":false},"author":0,"featured_media":95,"comment_status":"closed","ping_status":"closed","sticky":false,"template":"","format":"standard","meta":{"_acf_changed":false,"footnotes":""},"categories":[4],"tags":[],"class_list":["post-94","post","type-post","status-publish","format-standard","has-post-thumbnail","hentry","category-news-in-primo-piano"],"acf":{"seed-localization-paese-cod":"","seed-localization-address":"","seed-localization-citta":"","seed-localization-regione-cod-istat":"","seed-localization-citta-cod-istat":"","seed-localization-localita":"","seed-localization-cap":"","seed-localization-geo":{"lat":41.90552298770031,"lng":12.509441971778871,"zoom":10,"markers":[],"address":"","layers":["OpenStreetMap.Mapnik"]},"seed-localization-marker-visibility":false,"seed-localization-children-visibility":false,"seed-localization-kml":null,"seed-localization-custom-marker":null},"_links":{"self":[{"href":"https:\/\/diocesi.concordia-pordenone.it\/caritas\/wp-json\/wp\/v2\/posts\/94","targetHints":{"allow":["GET"]}}],"collection":[{"href":"https:\/\/diocesi.concordia-pordenone.it\/caritas\/wp-json\/wp\/v2\/posts"}],"about":[{"href":"https:\/\/diocesi.concordia-pordenone.it\/caritas\/wp-json\/wp\/v2\/types\/post"}],"author":[{"embeddable":true,"href":"https:\/\/diocesi.concordia-pordenone.it\/caritas\/wp-json\/wp\/v2\/users\/1"}],"replies":[{"embeddable":true,"href":"https:\/\/diocesi.concordia-pordenone.it\/caritas\/wp-json\/wp\/v2\/comments?post=94"}],"version-history":[{"count":0,"href":"https:\/\/diocesi.concordia-pordenone.it\/caritas\/wp-json\/wp\/v2\/posts\/94\/revisions"}],"wp:featuredmedia":[{"embeddable":true,"href":"https:\/\/diocesi.concordia-pordenone.it\/caritas\/wp-json\/wp\/v2\/media\/95"}],"wp:attachment":[{"href":"https:\/\/diocesi.concordia-pordenone.it\/caritas\/wp-json\/wp\/v2\/media?parent=94"}],"wp:term":[{"taxonomy":"category","embeddable":true,"href":"https:\/\/diocesi.concordia-pordenone.it\/caritas\/wp-json\/wp\/v2\/categories?post=94"},{"taxonomy":"post_tag","embeddable":true,"href":"https:\/\/diocesi.concordia-pordenone.it\/caritas\/wp-json\/wp\/v2\/tags?post=94"}],"curies":[{"name":"wp","href":"https:\/\/api.w.org\/{rel}","templated":true}]}}