{"id":953,"date":"2020-04-08T09:00:00","date_gmt":"2020-04-08T07:00:00","guid":{"rendered":"https:\/\/diocesi.concordia-pordenone.it\/caritas\/la-concordia-gennaio-aprile-2020\/"},"modified":"2020-04-08T09:00:00","modified_gmt":"2020-04-08T07:00:00","slug":"la-concordia-gennaio-aprile-2020","status":"publish","type":"post","link":"https:\/\/diocesi.concordia-pordenone.it\/caritas\/la-concordia-gennaio-aprile-2020\/","title":{"rendered":"La Concordia &#8211; gennaio\/aprile 2020"},"content":{"rendered":"<div>\u00a0<\/div>\n<div>\u00c8 interamente dedicato all&#8217;emergenza Coronavirus il primo numero del 2020 de La Concordia, con riflessioni su quanto sta accadendo e sulle sfide che ci attendono nel prossimo futuro, e con informazioni su quanto la Chiesa, e la Caritas in particolare, sta facendo per chi \u00e8 maggiormente in difficolt\u00e0, con lo sguardo rivolto, come sempre, ai pi\u00f9 poveri.<\/div>\n<div>\u00a0<\/div>\n<div>A causa dell&#8217;emergenza sanitaria in corso, questo numero esce<\/div>\n<div>solo in versione web.<\/div>\n<div>\u00a0<\/div>\n<div>\u00a0<\/div>\n<div>La Concordia \u00e8 una rivista quadrimestrale che fa conoscere il mondo della Caritas diocesana, i progetti e le azioni intraprese, i corso di formazione, e d\u00e0 un&#8217;informazione sulle attivit\u00e0 delle Caritas parrocchiali. \u00c8 uno strumento per far circolare le notizie in modo capillare, nelle famiglie come nelle comunit\u00e0 parrocchiali.<\/div>\n<div>\u00a0<\/div>\n<div>Vai alla pagina dedicata<\/div>\n<div>\u00a0<\/div>\n<div>\u00a0<\/div>\n","protected":false},"excerpt":{"rendered":"<p>\u00c8 interamente dedicato all&#8217;emergenza Coronavirus il primo numero del 2020 de &#8220;La Concordia&#8221;, con riflessioni su quanto sta accadendo e sulle sfide che ci attendono nel prossimo futuro, e con informazioni su quanto la Chiesa, e la Caritas in particolare, sta facendo per chi \u00e8 maggiormente in difficolt\u00e0, con lo sguardo rivolto, come sempre, ai pi\u00f9 poveri. A causa dell&#8217;emergenza sanitaria in corso, questo numero esce solo in versione web.<\/p>\n","protected":false},"author":0,"featured_media":0,"comment_status":"closed","ping_status":"closed","sticky":false,"template":"","format":"standard","meta":{"_acf_changed":false,"footnotes":""},"categories":[5],"tags":[],"class_list":["post-953","post","type-post","status-publish","format-standard","hentry","category-altre-news"],"acf":{"seed-localization-paese-cod":"","seed-localization-address":"","seed-localization-citta":"","seed-localization-regione-cod-istat":"","seed-localization-citta-cod-istat":"","seed-localization-localita":"","seed-localization-cap":"","seed-localization-geo":{"lat":41.90552298770031,"lng":12.509441971778871,"zoom":10,"markers":[],"address":"","layers":["OpenStreetMap.Mapnik"]},"seed-localization-marker-visibility":false,"seed-localization-children-visibility":false,"seed-localization-kml":null,"seed-localization-custom-marker":null},"_links":{"self":[{"href":"https:\/\/diocesi.concordia-pordenone.it\/caritas\/wp-json\/wp\/v2\/posts\/953","targetHints":{"allow":["GET"]}}],"collection":[{"href":"https:\/\/diocesi.concordia-pordenone.it\/caritas\/wp-json\/wp\/v2\/posts"}],"about":[{"href":"https:\/\/diocesi.concordia-pordenone.it\/caritas\/wp-json\/wp\/v2\/types\/post"}],"author":[{"embeddable":true,"href":"https:\/\/diocesi.concordia-pordenone.it\/caritas\/wp-json\/wp\/v2\/users\/1"}],"replies":[{"embeddable":true,"href":"https:\/\/diocesi.concordia-pordenone.it\/caritas\/wp-json\/wp\/v2\/comments?post=953"}],"version-history":[{"count":0,"href":"https:\/\/diocesi.concordia-pordenone.it\/caritas\/wp-json\/wp\/v2\/posts\/953\/revisions"}],"wp:attachment":[{"href":"https:\/\/diocesi.concordia-pordenone.it\/caritas\/wp-json\/wp\/v2\/media?parent=953"}],"wp:term":[{"taxonomy":"category","embeddable":true,"href":"https:\/\/diocesi.concordia-pordenone.it\/caritas\/wp-json\/wp\/v2\/categories?post=953"},{"taxonomy":"post_tag","embeddable":true,"href":"https:\/\/diocesi.concordia-pordenone.it\/caritas\/wp-json\/wp\/v2\/tags?post=953"}],"curies":[{"name":"wp","href":"https:\/\/api.w.org\/{rel}","templated":true}]}}