{"id":964,"date":"2020-11-26T09:00:00","date_gmt":"2020-11-26T08:00:00","guid":{"rendered":"https:\/\/diocesi.concordia-pordenone.it\/caritas\/la-concordia-maggio-dicembre-2020\/"},"modified":"2020-11-26T09:00:00","modified_gmt":"2020-11-26T08:00:00","slug":"la-concordia-maggio-dicembre-2020","status":"publish","type":"post","link":"https:\/\/diocesi.concordia-pordenone.it\/caritas\/la-concordia-maggio-dicembre-2020\/","title":{"rendered":"La Concordia maggio\/dicembre 2020"},"content":{"rendered":"<div>\u00a0<\/div>\n<div>Esce nella sola versione web il nuovo numero de La Concordia, un numero doppio dedicato da un lato all&#8217;emergenza Covid tuttora in corso, dall&#8217;altro all&#8217;Avvento e al Natale, con alcune proposte per vivere in comunit\u00e0 questo periodo.<\/div>\n<div>\u00a0<\/div>\n<div>La parte dedicata all&#8217;esperienza del Covid \u00e8 un invito a fare tesoro di quanto abbiamo vissuto e stiamo vivendo, affinch\u00e9 diventi un&#8217;opportunit\u00e0 di riflessione, di condivisione e di rinnovo.<\/div>\n<div>\u00a0<\/div>\n<div>\u00a0\u00a0<\/div>\n<div>\u00a0<\/div>\n<div>La Concordia \u00e8 una rivista quadrimestrale che fa conoscere il mondo della Caritas diocesana, i progetti e le azioni intraprese, i corso di formazione, e d\u00e0 un&#8217;informazione sulle attivit\u00e0 delle Caritas parrocchiali. \u00c8 uno strumento per far circolare le notizie in modo capillare, nelle famiglie come nelle comunit\u00e0 parrocchiali.<\/div>\n<div>\u00a0<\/div>\n<div>Vai alla pagina dedicata<\/div>\n<div>\u00a0<\/div>\n<div>\u00a0<\/div>\n","protected":false},"excerpt":{"rendered":"<p>Esce nella sola versione web il nuovo numero de La Concordia, un numero doppio dedicato da un lato all&#8217;emergenza Covid tuttora in corso, dall&#8217;altro all&#8217;Avvento e al Natale, con alcune proposte per vivere in comunit\u00e0 questo periodo.<br \/>\nLa parte dedicata all&#8217;esperienza del Covid \u00e8 un invito a fare tesoro di quanto abbiamo vissuto e stiamo vivendo, affinch\u00e9 diventi un&#8217;opportunit\u00e0 di riflessione, di condivisione e di rinnovo.<\/p>\n","protected":false},"author":0,"featured_media":0,"comment_status":"closed","ping_status":"closed","sticky":false,"template":"","format":"standard","meta":{"_acf_changed":false,"footnotes":""},"categories":[5],"tags":[],"class_list":["post-964","post","type-post","status-publish","format-standard","hentry","category-altre-news"],"acf":{"seed-localization-paese-cod":"","seed-localization-address":"","seed-localization-citta":"","seed-localization-regione-cod-istat":"","seed-localization-citta-cod-istat":"","seed-localization-localita":"","seed-localization-cap":"","seed-localization-geo":{"lat":41.90552298770031,"lng":12.509441971778871,"zoom":10,"markers":[],"address":"","layers":["OpenStreetMap.Mapnik"]},"seed-localization-marker-visibility":false,"seed-localization-children-visibility":false,"seed-localization-kml":null,"seed-localization-custom-marker":null},"_links":{"self":[{"href":"https:\/\/diocesi.concordia-pordenone.it\/caritas\/wp-json\/wp\/v2\/posts\/964","targetHints":{"allow":["GET"]}}],"collection":[{"href":"https:\/\/diocesi.concordia-pordenone.it\/caritas\/wp-json\/wp\/v2\/posts"}],"about":[{"href":"https:\/\/diocesi.concordia-pordenone.it\/caritas\/wp-json\/wp\/v2\/types\/post"}],"author":[{"embeddable":true,"href":"https:\/\/diocesi.concordia-pordenone.it\/caritas\/wp-json\/wp\/v2\/users\/1"}],"replies":[{"embeddable":true,"href":"https:\/\/diocesi.concordia-pordenone.it\/caritas\/wp-json\/wp\/v2\/comments?post=964"}],"version-history":[{"count":0,"href":"https:\/\/diocesi.concordia-pordenone.it\/caritas\/wp-json\/wp\/v2\/posts\/964\/revisions"}],"wp:attachment":[{"href":"https:\/\/diocesi.concordia-pordenone.it\/caritas\/wp-json\/wp\/v2\/media?parent=964"}],"wp:term":[{"taxonomy":"category","embeddable":true,"href":"https:\/\/diocesi.concordia-pordenone.it\/caritas\/wp-json\/wp\/v2\/categories?post=964"},{"taxonomy":"post_tag","embeddable":true,"href":"https:\/\/diocesi.concordia-pordenone.it\/caritas\/wp-json\/wp\/v2\/tags?post=964"}],"curies":[{"name":"wp","href":"https:\/\/api.w.org\/{rel}","templated":true}]}}