{"id":967,"date":"2019-10-29T14:28:00","date_gmt":"2019-10-29T13:28:00","guid":{"rendered":"https:\/\/diocesi.concordia-pordenone.it\/caritas\/gli-occhi-dellafrica-3\/"},"modified":"2019-10-29T14:28:00","modified_gmt":"2019-10-29T13:28:00","slug":"gli-occhi-dellafrica-3","status":"publish","type":"post","link":"https:\/\/diocesi.concordia-pordenone.it\/caritas\/gli-occhi-dellafrica-3\/","title":{"rendered":"Gli occhi dell&#8217;Africa"},"content":{"rendered":"<div>\u00a0<\/div>\n<div>\n<div>La XIV edizione de <strong>Gli occhi dell\u2019Africa<\/strong>, in programma nei mesi di dicembre 2020 e gennaio 2021, con alcune anteprime e iniziative gi\u00e0 a novembre, si presenta quest\u2019anno in forma ridotta, a causa delle restrizioni alle quali \u00e8 costretto il mondo della cultura, dopo il Dpcm del 25 ottobre scorso.<\/div>\n<div>\u00a0<\/div>\n<div>Il coronavirus ha costretto <strong>Caritas diocesana<\/strong>, <strong>Cinemazero<\/strong>, <strong>l\u2019Associazione L\u2019Altramet\u00e0 <\/strong>e il<strong> Centro Culturale Casa Zanussi<\/strong>\u00a0a ridisegnare i propri programmi per questa manifestazione che \u00e8 nata per far conoscere, al di l\u00e0 degli stereotipi, le particolarit\u00e0 di un continente ancora poco conosciuto. <strong>Anteprime nazionali, film rarissimi e d&#8217;autore<\/strong>, ma anche un&#8217;<strong>attenzione particolare al territorio<\/strong>, con due film di alta qualit\u00e0 girati in Africa ma <strong>\u201cfirmati\u201d Pordenone<\/strong>. Il tutto possibile anche grazie al sostegno dell&#8217;<strong>Assessorato alla Cultura del Comune di Pordenone<\/strong>, da sempre vicino alla manifestazione, e alla <strong>Cooperativa Nuovi Vicini di Pordenone<\/strong>.<\/div>\n<div>\u00a0<\/div>\n<div><strong>La programmazione cinematografica \u00e8 tutta online<\/strong>: <strong>da sabato 19 dicembre 2020\u00a0fino al 15 gennaio 2021<\/strong>\u00a0una selezione di splendidi\u00a0film per Natale, il tutto disponibile sul portale <strong>AdessoCinema!<\/strong> (www.adessocinema.it), la piattaforma streaming gestita da Cinemazero di Pordenone, il Visionario di Udine e La Cineteca del Friuli: film speciali, per conoscere il continente africano.<\/div>\n<div>\u00a0<\/div>\n<div>\u00a0<\/div>\n<\/div>\n<div>\u00a0<\/div>\n<div>Scarica il programma completo:<\/div>\n<hr class=\"wpba_attachment_hr\"><div id='wpba_attachment_list' class='wpba wpba-wrap'>\n<ul class='wpba-attachment-list unstyled'><li id='wpba_attachment_list_969' class='wpba-list-item pull-left'><img src='https:\/\/diocesi.concordia-pordenone.it\/caritas\/wp-content\/themes\/wp-starter-so\/icons\/document.png' width='16' height='20' class='wpba-icon pull-left'><a href='https:\/\/diocesi.concordia-pordenone.it\/caritas\/wp-content\/uploads\/sites\/3\/2021\/06\/depliant-occhi-africa-2020.pdf' title='depliant-occhi-africa-2020' class='wpba-link pull-left' target=\"_blank\">depliant-occhi-africa-2020<\/a><\/li>\n<li id='wpba_attachment_list_970' class='wpba-list-item pull-left'><img src='https:\/\/diocesi.concordia-pordenone.it\/caritas\/wp-content\/themes\/wp-starter-so\/icons\/document.png' width='16' height='20' class='wpba-icon pull-left'><a href='https:\/\/diocesi.concordia-pordenone.it\/caritas\/wp-content\/uploads\/sites\/3\/2021\/06\/locandina-occhi-africa-2020.pdf' title='locandina-occhi-africa-2020' class='wpba-link pull-left' target=\"_blank\">locandina-occhi-africa-2020<\/a><\/li>\n<\/ul><\/div>\n","protected":false},"excerpt":{"rendered":"<p>La XIV edizione de Gli occhi dell\u2019Africa, in programma nei mesi di dicembre 2020 e gennaio 2021, con alcune anteprime e iniziative gi\u00e0 a novembre, si presenta quest\u2019anno in forma ridotta, a causa delle restrizioni alle quali \u00e8 costretto il mondo della cultura, dopo il Dpcm del 25 ottobre scorso. Il coronavirus ha costretto Caritas diocesana, Cinemazero, l\u2019Associazione L\u2019Altramet\u00e0 e il Centro Culturale Casa Zanussi a ridisegnare i propri programmi per questa manifestazione che \u00e8 nata per far conoscere, al di l\u00e0 degli stereotipi, le particolarit\u00e0 di un continente ancora poco conosciuto. La programmazione cinematografica \u00e8 tutta ONLINE: DA SABATO 19 DICEMBRE 2020 FINO AL 15 GENNAIO 2021 una selezione di splendidi film per Natale, disponibili sul portale AdessoCinema! Entra per scaricare il libretto con il programma completo della rassegna<\/p>\n","protected":false},"author":0,"featured_media":968,"comment_status":"closed","ping_status":"closed","sticky":false,"template":"","format":"standard","meta":{"_acf_changed":false,"footnotes":""},"categories":[5],"tags":[],"class_list":["post-967","post","type-post","status-publish","format-standard","has-post-thumbnail","hentry","category-altre-news"],"acf":{"seed-localization-paese-cod":"","seed-localization-address":"","seed-localization-citta":"","seed-localization-regione-cod-istat":"","seed-localization-citta-cod-istat":"","seed-localization-localita":"","seed-localization-cap":"","seed-localization-geo":{"lat":41.90552298770031,"lng":12.509441971778871,"zoom":10,"markers":[],"address":"","layers":["OpenStreetMap.Mapnik"]},"seed-localization-marker-visibility":false,"seed-localization-children-visibility":false,"seed-localization-kml":null,"seed-localization-custom-marker":null},"_links":{"self":[{"href":"https:\/\/diocesi.concordia-pordenone.it\/caritas\/wp-json\/wp\/v2\/posts\/967","targetHints":{"allow":["GET"]}}],"collection":[{"href":"https:\/\/diocesi.concordia-pordenone.it\/caritas\/wp-json\/wp\/v2\/posts"}],"about":[{"href":"https:\/\/diocesi.concordia-pordenone.it\/caritas\/wp-json\/wp\/v2\/types\/post"}],"author":[{"embeddable":true,"href":"https:\/\/diocesi.concordia-pordenone.it\/caritas\/wp-json\/wp\/v2\/users\/1"}],"replies":[{"embeddable":true,"href":"https:\/\/diocesi.concordia-pordenone.it\/caritas\/wp-json\/wp\/v2\/comments?post=967"}],"version-history":[{"count":0,"href":"https:\/\/diocesi.concordia-pordenone.it\/caritas\/wp-json\/wp\/v2\/posts\/967\/revisions"}],"wp:featuredmedia":[{"embeddable":true,"href":"https:\/\/diocesi.concordia-pordenone.it\/caritas\/wp-json\/wp\/v2\/media\/968"}],"wp:attachment":[{"href":"https:\/\/diocesi.concordia-pordenone.it\/caritas\/wp-json\/wp\/v2\/media?parent=967"}],"wp:term":[{"taxonomy":"category","embeddable":true,"href":"https:\/\/diocesi.concordia-pordenone.it\/caritas\/wp-json\/wp\/v2\/categories?post=967"},{"taxonomy":"post_tag","embeddable":true,"href":"https:\/\/diocesi.concordia-pordenone.it\/caritas\/wp-json\/wp\/v2\/tags?post=967"}],"curies":[{"name":"wp","href":"https:\/\/api.w.org\/{rel}","templated":true}]}}