{"id":971,"date":"2020-12-16T15:17:00","date_gmt":"2020-12-16T14:17:00","guid":{"rendered":"https:\/\/diocesi.concordia-pordenone.it\/caritas\/natalinsieme-2-0-2\/"},"modified":"2020-12-16T15:17:00","modified_gmt":"2020-12-16T14:17:00","slug":"natalinsieme-2-0-2","status":"publish","type":"post","link":"https:\/\/diocesi.concordia-pordenone.it\/caritas\/natalinsieme-2-0-2\/","title":{"rendered":"Natalinsieme 2.0"},"content":{"rendered":"<div>\u00a0<\/div>\n<div>In questo periodo cos\u00ec complicato, la Caritas diocesana propone alcune iniziative in vista del Natale, col desiderio di provare, nonostante tutto, a dare un segno di festa e di speranza.<\/div>\n<div><br type=\"_moz\" ><\/div>\n<div><strong>VOLTI E VOCI DI NATALE:<\/strong><\/div>\n<div>Invia entro il 20 dicembre <strong>un selfie od un videomessaggio<\/strong> <strong>con i tuoi auguri<\/strong> al numero 329 7718680. Realizzeremo un <strong>video-augurio di tutti per tutti<\/strong>, che pubblicheremo a Natale sul profilo Facebook di Caritas diocesana e sul canale Youtube della Diocesi di Concordia-Pordenone!<\/div>\n<div>(Chi aderisce a questa iniziativa \u00e8 consapevole che quanto condiviso verr\u00e0 diffuso sui canali social e ne autorizza l&#8217;impiego per finalit\u00e0 divulgative)<\/div>\n<div>\u00a0<\/div>\n<div>\u00a0<\/div>\n<div><strong>SCAMBIAMOCI REGALI:<\/strong><\/div>\n<div>&#8211;\tLascia un\u2019offerta libera presso la Bottega del Commercio Equo \u201cL\u2019AltraMet\u00e0\u201d di Viale Martelli 6 a Pordenone e sostieni la tradizionale raccolta per il \u201c<strong>Regalo sospeso<\/strong>\u201d<\/div>\n<div>&#8211;\tAderisci all\u2019iniziativa \u201c<strong>Scatole di Natale<\/strong>\u201d, per fare un dono ai bambine\/i e ragazze\/i ospiti nelle nostre strutture e alle famiglie con minori seguite dall\u2019Emporio Solidale (per info: Scatole di Natale Pordenone \u2013 Facebook)<\/div>\n<div>&#8211;\t\u201c<strong>Regala Cultura<\/strong>\u201d con l\u2019iniziativa del regalo sospeso di Concooperative e sostieni le cooperative del settore cultura, turismo e spettacolo (per info: sito Confcooperative Pordenone)<\/div>\n<div>&#8211;\tContattaci entro venerd\u00ec 18 dicembre per <strong>segnalare possibili destinatari dei doni natalizi<\/strong><\/div>\n<div>\u00a0<\/div>\n<div>\u00a0<\/div>\n<div><strong>L\u2019AUGURIO CHE VORREI:<\/strong> <\/div>\n<div>Chiedi in Caritas o in bottega la <strong>cartolina<\/strong>, formula l&#8217;<strong>augurio<\/strong> che faresti a te stesso su <strong>come vorresti ritrovare la comunit\u00e0\/il mondo dopo il Covid<\/strong>. Sar\u00e0 occasione di condividere i tuoi pensieri con chi ricever\u00e0 i doni frutto della raccolta \u201cRegalo sospeso\u201d: ogni pacco avr\u00e0 cos\u00ec <strong>un biglietto di auguri unico e originale<\/strong>!<\/div>\n<div>\u00a0<\/div>\n<div>\u00a0<\/div>\n<div><strong>CONTRIBUTO ECONOMICO:<\/strong><\/div>\n<div>Sostieni con un\u2019offerta le iniziative promosse per l\u2019Avvento dalla Caritas diocesana:<\/div>\n<div>&#8211;\t<strong>Fondo diocesano di Solidariet\u00e0<\/strong>, che garantisce aiuti concreti a singoli e famiglie in tutta la diocesi<\/div>\n<div>&#8211;\t<strong>Asilo Notturno \u201cLa Locanda\u201d<\/strong> e <strong>Casa Madonna Pellegrina<\/strong>, impegnati nell\u2019accoglienza<\/div>\n<div>inviando la tua offerta a<\/div>\n<div>\u00a0<\/div>\n<div>FONDAZIONE BUON SAMARITANO CASA MADONNA PELLEGRINA<\/div>\n<div>Via Madonna Pellegrina 11 &#8211; 33170 Pordenone<\/div>\n<div>Banca Credito Cooperativo Pordenonese IBAN IT 79 F 08356 12500 000000047207<\/div>\n<div>\u00a0<\/div>\n<div>\u00a0<\/div>\n<div>\u00a0<\/div>\n<div>PER <strong>INFORMAZIONI <\/strong>CONTATTACI  ALLO <strong>0434 546811<\/strong><\/div>\n<div>DAL LUNED\u00cc AL VENERD\u00cc DALLE 9.00 ALLE 18.00<\/div>\n<div>\u00a0<\/div>\n<div>\u00a0<\/div>\n<div>\u00a0<\/div>\n<hr class=\"wpba_attachment_hr\"><div id='wpba_attachment_list' class='wpba wpba-wrap'>\n<ul class='wpba-attachment-list unstyled'><li id='wpba_attachment_list_973' class='wpba-list-item pull-left'><img src='https:\/\/diocesi.concordia-pordenone.it\/caritas\/wp-content\/themes\/wp-starter-so\/icons\/document.png' width='16' height='20' class='wpba-icon pull-left'><a href='https:\/\/diocesi.concordia-pordenone.it\/caritas\/wp-content\/uploads\/sites\/3\/2021\/06\/volantino-Natalinsieme-1.pdf' title='volantino-Natalinsieme-1' class='wpba-link pull-left' target=\"_blank\">volantino-Natalinsieme-1<\/a><\/li>\n<\/ul><\/div>\n","protected":false},"excerpt":{"rendered":"<p>In questo periodo cos\u00ec complicato, la Caritas diocesana propone alcune iniziative in vista del Natale, col desiderio di provare, nonostante tutto, a dare un segno di festa e di speranza: volti e voci di Natale, scambiamoci regali, l&#8217;augurio che vorrei, contributo economico. Entra per conoscere i dettagli delle quattro iniziative.<\/p>\n","protected":false},"author":0,"featured_media":972,"comment_status":"closed","ping_status":"closed","sticky":false,"template":"","format":"standard","meta":{"_acf_changed":false,"footnotes":""},"categories":[5],"tags":[],"class_list":["post-971","post","type-post","status-publish","format-standard","has-post-thumbnail","hentry","category-altre-news"],"acf":{"seed-localization-paese-cod":"","seed-localization-address":"","seed-localization-citta":"","seed-localization-regione-cod-istat":"","seed-localization-citta-cod-istat":"","seed-localization-localita":"","seed-localization-cap":"","seed-localization-geo":{"lat":41.90552298770031,"lng":12.509441971778871,"zoom":10,"markers":[],"address":"","layers":["OpenStreetMap.Mapnik"]},"seed-localization-marker-visibility":false,"seed-localization-children-visibility":false,"seed-localization-kml":null,"seed-localization-custom-marker":null},"_links":{"self":[{"href":"https:\/\/diocesi.concordia-pordenone.it\/caritas\/wp-json\/wp\/v2\/posts\/971","targetHints":{"allow":["GET"]}}],"collection":[{"href":"https:\/\/diocesi.concordia-pordenone.it\/caritas\/wp-json\/wp\/v2\/posts"}],"about":[{"href":"https:\/\/diocesi.concordia-pordenone.it\/caritas\/wp-json\/wp\/v2\/types\/post"}],"author":[{"embeddable":true,"href":"https:\/\/diocesi.concordia-pordenone.it\/caritas\/wp-json\/wp\/v2\/users\/1"}],"replies":[{"embeddable":true,"href":"https:\/\/diocesi.concordia-pordenone.it\/caritas\/wp-json\/wp\/v2\/comments?post=971"}],"version-history":[{"count":0,"href":"https:\/\/diocesi.concordia-pordenone.it\/caritas\/wp-json\/wp\/v2\/posts\/971\/revisions"}],"wp:featuredmedia":[{"embeddable":true,"href":"https:\/\/diocesi.concordia-pordenone.it\/caritas\/wp-json\/wp\/v2\/media\/972"}],"wp:attachment":[{"href":"https:\/\/diocesi.concordia-pordenone.it\/caritas\/wp-json\/wp\/v2\/media?parent=971"}],"wp:term":[{"taxonomy":"category","embeddable":true,"href":"https:\/\/diocesi.concordia-pordenone.it\/caritas\/wp-json\/wp\/v2\/categories?post=971"},{"taxonomy":"post_tag","embeddable":true,"href":"https:\/\/diocesi.concordia-pordenone.it\/caritas\/wp-json\/wp\/v2\/tags?post=971"}],"curies":[{"name":"wp","href":"https:\/\/api.w.org\/{rel}","templated":true}]}}