{"id":981,"date":"2020-06-26T11:20:00","date_gmt":"2020-06-26T09:20:00","guid":{"rendered":"https:\/\/diocesi.concordia-pordenone.it\/caritas\/sportello-centro-di-ascolto-in-zona-rossa\/"},"modified":"2020-06-26T11:20:00","modified_gmt":"2020-06-26T09:20:00","slug":"sportello-centro-di-ascolto-in-zona-rossa","status":"publish","type":"post","link":"https:\/\/diocesi.concordia-pordenone.it\/caritas\/sportello-centro-di-ascolto-in-zona-rossa\/","title":{"rendered":"Sportello Centro di Ascolto in zona rossa"},"content":{"rendered":"<div>\u00a0<\/div>\n<div>Avvisiamo i gentili utenti che, essendo la regione Friuli Venezia Giulia<\/div>\n<div>in zona rossa, a causa dell&#8217;emergenza da Covid-19,<\/div>\n<div>l&#8217;<strong>attivit\u00e0 di sportello<\/strong> del\u00a0Centro di Ascolto diocesano \u00e8 <strong>momentaneamente sospesa<\/strong>.<\/div>\n<div>\u00a0<\/div>\n<div>\u00c8 possibile richiedere un <strong>appuntamento<\/strong>, telefonando allo\u00a0<strong style=\"font-family: Verdana; font-size: 14.4px;\">0434 546811<\/strong>,<\/div>\n<div>dal luned\u00ec al venerd\u00ec, preferibilmente dalle 9.00 alle 12.30.<\/div>\n<div>\u00a0<\/div>\n<div>\u00a0<\/div>\n<div>\u00a0<\/div>\n<div>\u00a0<\/div>\n<div>\n<div style=\"text-align: left\"><b>CENTRO DI ASCOLTO CARITAS DIOCESANA<\/b><\/div>\n<div style=\"text-align: left\">Ascolto, orientamento, accompagnamento di persone in difficolt\u00e0<\/div>\n<div style=\"text-align: left\">\u00a0<\/div>\n<div style=\"text-align: left\">Via Madonna Pellegrina 11 \u2013 Pordenone<\/div>\n<div style=\"text-align: left\">tel. 0434 546811<\/div>\n<div style=\"text-align: left\">centrodiascolto@diocesiconcordiapordenone.it<\/div>\n<div style=\"text-align: left\">\u00a0<\/div>\n<div style=\"text-align: left\">\u00a0<\/div>\n<\/div>\n<hr class=\"wpba_attachment_hr\">","protected":false},"excerpt":{"rendered":"<p>Avvisiamo i gentili utenti che, essendo la regione Friuli Venezia Giulia in zona rossa, a causa dell&#8217;emergenza da Covid-19, l&#8217;attivit\u00e0 di sportello del Centro di Ascolto diocesano \u00e8 momentaneamente sospesa. \u00c8 possibile richiedere un appuntamento, telefonando allo 0434 546811, dal luned\u00ec al venerd\u00ec, preferibilmente dalle 9.00 alle 12.30.<\/p>\n","protected":false},"author":0,"featured_media":982,"comment_status":"closed","ping_status":"closed","sticky":false,"template":"","format":"standard","meta":{"_acf_changed":false,"footnotes":""},"categories":[5],"tags":[],"class_list":["post-981","post","type-post","status-publish","format-standard","has-post-thumbnail","hentry","category-altre-news"],"acf":{"seed-localization-paese-cod":"","seed-localization-address":"","seed-localization-citta":"","seed-localization-regione-cod-istat":"","seed-localization-citta-cod-istat":"","seed-localization-localita":"","seed-localization-cap":"","seed-localization-geo":{"lat":41.90552298770031,"lng":12.509441971778871,"zoom":10,"markers":[],"address":"","layers":["OpenStreetMap.Mapnik"]},"seed-localization-marker-visibility":false,"seed-localization-children-visibility":false,"seed-localization-kml":null,"seed-localization-custom-marker":null},"_links":{"self":[{"href":"https:\/\/diocesi.concordia-pordenone.it\/caritas\/wp-json\/wp\/v2\/posts\/981","targetHints":{"allow":["GET"]}}],"collection":[{"href":"https:\/\/diocesi.concordia-pordenone.it\/caritas\/wp-json\/wp\/v2\/posts"}],"about":[{"href":"https:\/\/diocesi.concordia-pordenone.it\/caritas\/wp-json\/wp\/v2\/types\/post"}],"author":[{"embeddable":true,"href":"https:\/\/diocesi.concordia-pordenone.it\/caritas\/wp-json\/wp\/v2\/users\/1"}],"replies":[{"embeddable":true,"href":"https:\/\/diocesi.concordia-pordenone.it\/caritas\/wp-json\/wp\/v2\/comments?post=981"}],"version-history":[{"count":0,"href":"https:\/\/diocesi.concordia-pordenone.it\/caritas\/wp-json\/wp\/v2\/posts\/981\/revisions"}],"wp:featuredmedia":[{"embeddable":true,"href":"https:\/\/diocesi.concordia-pordenone.it\/caritas\/wp-json\/wp\/v2\/media\/982"}],"wp:attachment":[{"href":"https:\/\/diocesi.concordia-pordenone.it\/caritas\/wp-json\/wp\/v2\/media?parent=981"}],"wp:term":[{"taxonomy":"category","embeddable":true,"href":"https:\/\/diocesi.concordia-pordenone.it\/caritas\/wp-json\/wp\/v2\/categories?post=981"},{"taxonomy":"post_tag","embeddable":true,"href":"https:\/\/diocesi.concordia-pordenone.it\/caritas\/wp-json\/wp\/v2\/tags?post=981"}],"curies":[{"name":"wp","href":"https:\/\/api.w.org\/{rel}","templated":true}]}}