{"id":991,"date":"2021-03-26T14:00:00","date_gmt":"2021-03-26T13:00:00","guid":{"rendered":"https:\/\/diocesi.concordia-pordenone.it\/caritas\/relazione-del-centro-di-ascolto-attivita-anno-2020\/"},"modified":"2021-12-16T17:36:44","modified_gmt":"2021-12-16T16:36:44","slug":"relazione-del-centro-di-ascolto-attivita-anno-2020","status":"publish","type":"post","link":"https:\/\/diocesi.concordia-pordenone.it\/caritas\/relazione-del-centro-di-ascolto-attivita-anno-2020\/","title":{"rendered":"Relazione del Centro di Ascolto &#8211; attivit\u00e0 anno 2020"},"content":{"rendered":"<div><\/div>\n<div><strong>Venerd\u00ec 26 marzo 2021<\/strong>,<strong> alle ore 11.30<\/strong>, sul <strong>canale YouTube della Diocesi di Concordia-Pordenone<\/strong>,\u00a0verr\u00e0\u00a0presentata la relazione del Centro di Ascolto, sull&#8217;attivit\u00e0 dell&#8217;anno 2020.<\/div>\n<div><\/div>\n<div>Interverranno il direttore della Caritas <strong>Andrea Barachino<\/strong>, il vicario per la prossimit\u00e0 <strong>don Davide Corba<\/strong> e le <strong>operatrici del Centro d\u2019Ascolto<\/strong>.<\/div>\n<div>Introdurr\u00e0 l\u2019incontro il vescovo della diocesi di Concordia-Pordenone <strong>S.E. Giuseppe Pellegrini<\/strong>.<\/div>\n<div><\/div>\n<div><\/div>\n<div><\/div>\n<div style=\"text-align: center\"><strong>Rivedi la registrazione della diretta:<\/strong><\/div>\n<div style=\"text-align: center\"><strong>https:\/\/youtu.be\/4Irlr9vjE2U<\/strong><\/div>\n<div><\/div>\n<div><\/div>\n<div>Un appuntamento importante, per conoscere quali sono le difficolt\u00e0 che incontrano molte famiglie italiane e straniere nel territorio diocesano, e le azioni di aiuto messe in atto dalla Caritas in diocesi.<\/div>\n<div><\/div>\n<div>\n<div>Il Centro di Ascolto \u00e8 lo strumento con cui la Caritas si propone di ascoltare e dare voce alle persone che si trovano in situazione di disagio e lo fa attraverso l\u2019accoglienza e l\u2019ascolto di ogni persona, ponendosi a fianco di ognuno con azioni di orientamento e accompagnamento.\u00a0Nell\u2019individuare le possibili azioni di aiuto \u00e8 consolidato il metodo del coinvolgimento del territorio, a partire dalle parrocchie e dai servizi sociali di base, nell\u2019ottica della promozione di azioni condivise, nel rispetto e nella valorizzazione di ruoli e competenze.<\/div>\n<div><\/div>\n<div><\/div>\n<\/div>\n<hr class=\"wpba_attachment_hr\"><div id='wpba_attachment_list' class='wpba wpba-wrap'>\n<ul class='wpba-attachment-list unstyled'><li id='wpba_attachment_list_993' class='wpba-list-item pull-left'><img src='https:\/\/diocesi.concordia-pordenone.it\/caritas\/wp-content\/themes\/wp-starter-so\/icons\/document.png' width='16' height='20' class='wpba-icon pull-left'><a href='https:\/\/diocesi.concordia-pordenone.it\/caritas\/wp-content\/uploads\/sites\/3\/2021\/06\/presentazione-relazione-CdA-2020.pdf' title='presentazione-relazione-CdA-2020' class='wpba-link pull-left' target=\"_blank\">presentazione-relazione-CdA-2020<\/a><\/li>\n<\/ul><\/div>\n","protected":false},"excerpt":{"rendered":"<p>Venerd\u00ec 26 marzo 2021, alle ore 11.30, sul canale YouTube della Diocesi di Concordia-Pordenone, verr\u00e0 presentata la relazione del Centro di Ascolto, sull&#8217;attivit\u00e0 dell&#8217;anno 2020.<br \/>\nInterverranno il direttore della Caritas Andrea Barachino, il vicario per la prossimit\u00e0 don Davide Corba e le operatrici del Centro d\u2019Ascolto.<br \/>\nIntrodurr\u00e0 l\u2019incontro il vescovo della diocesi di Concordia-Pordenone S.E. Giuseppe Pellegrini.<\/p>\n","protected":false},"author":0,"featured_media":992,"comment_status":"closed","ping_status":"closed","sticky":false,"template":"","format":"standard","meta":{"_acf_changed":false,"footnotes":""},"categories":[5],"tags":[],"class_list":["post-991","post","type-post","status-publish","format-standard","has-post-thumbnail","hentry","category-altre-news"],"acf":{"seed-localization-paese-cod":"","seed-localization-address":"","seed-localization-citta":"","seed-localization-regione-cod-istat":"","seed-localization-citta-cod-istat":"","seed-localization-localita":"","seed-localization-cap":"","seed-localization-geo":{"lat":41.9053433,"lng":12.5099945,"zoom":10,"markers":[],"address":"","layers":["OpenStreetMap.Mapnik"],"version":"1.3.2"},"seed-localization-marker-visibility":false,"seed-localization-children-visibility":false,"seed-localization-kml":"","seed-localization-custom-marker":""},"_links":{"self":[{"href":"https:\/\/diocesi.concordia-pordenone.it\/caritas\/wp-json\/wp\/v2\/posts\/991","targetHints":{"allow":["GET"]}}],"collection":[{"href":"https:\/\/diocesi.concordia-pordenone.it\/caritas\/wp-json\/wp\/v2\/posts"}],"about":[{"href":"https:\/\/diocesi.concordia-pordenone.it\/caritas\/wp-json\/wp\/v2\/types\/post"}],"author":[{"embeddable":true,"href":"https:\/\/diocesi.concordia-pordenone.it\/caritas\/wp-json\/wp\/v2\/users\/1"}],"replies":[{"embeddable":true,"href":"https:\/\/diocesi.concordia-pordenone.it\/caritas\/wp-json\/wp\/v2\/comments?post=991"}],"version-history":[{"count":3,"href":"https:\/\/diocesi.concordia-pordenone.it\/caritas\/wp-json\/wp\/v2\/posts\/991\/revisions"}],"predecessor-version":[{"id":1678,"href":"https:\/\/diocesi.concordia-pordenone.it\/caritas\/wp-json\/wp\/v2\/posts\/991\/revisions\/1678"}],"wp:featuredmedia":[{"embeddable":true,"href":"https:\/\/diocesi.concordia-pordenone.it\/caritas\/wp-json\/wp\/v2\/media\/992"}],"wp:attachment":[{"href":"https:\/\/diocesi.concordia-pordenone.it\/caritas\/wp-json\/wp\/v2\/media?parent=991"}],"wp:term":[{"taxonomy":"category","embeddable":true,"href":"https:\/\/diocesi.concordia-pordenone.it\/caritas\/wp-json\/wp\/v2\/categories?post=991"},{"taxonomy":"post_tag","embeddable":true,"href":"https:\/\/diocesi.concordia-pordenone.it\/caritas\/wp-json\/wp\/v2\/tags?post=991"}],"curies":[{"name":"wp","href":"https:\/\/api.w.org\/{rel}","templated":true}]}}